{"id":5133,"date":"2025-06-06T15:19:49","date_gmt":"2025-06-06T18:19:49","guid":{"rendered":"https:\/\/fghsaude.org.br\/home\/?p=5133"},"modified":"2025-06-06T15:19:50","modified_gmt":"2025-06-06T18:19:50","slug":"upa-sao-lourenco-recebe-visita-tecnica-para-aprimorar-atendimento-aos-pacientes","status":"publish","type":"post","link":"https:\/\/fghsaude.org.br\/home\/upa-sao-lourenco-recebe-visita-tecnica-para-aprimorar-atendimento-aos-pacientes\/","title":{"rendered":"UPA S\u00e3o Louren\u00e7o recebe visita t\u00e9cnica para aprimorar atendimento aos pacientes"},"content":{"rendered":"\n<h3 class=\"wp-block-heading\"><em>Encontro entre gestoras de unidades visa fortalecer processos, promover melhorias e qualificar a jornada do paciente<\/em><\/h3>\n\n\n\n<div style=\"height:23px\" aria-hidden=\"true\" class=\"wp-block-spacer\"><\/div>\n\n\n<div class=\"wp-block-image\">\n<figure class=\"aligncenter size-large is-resized\"><img fetchpriority=\"high\" decoding=\"async\" width=\"1024\" height=\"576\" src=\"https:\/\/fghsaude.org.br\/home\/wp-content\/uploads\/2025\/06\/SLM-1024x576.jpg\" alt=\"\" class=\"wp-image-5134\" style=\"width:542px;height:auto\" srcset=\"https:\/\/fghsaude.org.br\/home\/wp-content\/uploads\/2025\/06\/SLM-1024x576.jpg 1024w, https:\/\/fghsaude.org.br\/home\/wp-content\/uploads\/2025\/06\/SLM-300x169.jpg 300w, https:\/\/fghsaude.org.br\/home\/wp-content\/uploads\/2025\/06\/SLM-768x432.jpg 768w, https:\/\/fghsaude.org.br\/home\/wp-content\/uploads\/2025\/06\/SLM-1536x864.jpg 1536w, https:\/\/fghsaude.org.br\/home\/wp-content\/uploads\/2025\/06\/SLM-2048x1152.jpg 2048w\" sizes=\"(max-width: 1024px) 100vw, 1024px\" \/><\/figure>\n<\/div>\n\n\n<div style=\"height:15px\" aria-hidden=\"true\" class=\"wp-block-spacer\"><\/div>\n\n\n\n<p>A Unidade de Pronto Atendimento (UPA) de S\u00e3o Louren\u00e7o recebeu, nesta quinta-feira (5), uma visita t\u00e9cnica das coordenadoras gerais Elaine Souza, da UPAE Escada, e Luanna Gressa, da UPAE Carpina. O objetivo foi acompanhar de perto os fluxos da unidade, observar a jornada do paciente e discutir estrat\u00e9gias para aprimorar os servi\u00e7os prestados \u00e0 popula\u00e7\u00e3o.<\/p>\n\n\n\n<div style=\"height:23px\" aria-hidden=\"true\" class=\"wp-block-spacer\"><\/div>\n\n\n\n<p>De acordo com a coordenadora geral da UPA S\u00e3o Louren\u00e7o, Rob\u00e9sia Ara\u00fajo, esse tipo de encontro \u00e9 fundamental para fortalecer a qualidade da gest\u00e3o e dos atendimentos. \u201cTrocas como essa ajudam a olhar de forma diferente para os desafios do dia a dia. A gente aprende, ajusta processos e encontra caminhos que beneficiam tanto a equipe quanto o atendimento ao paciente\u201d, destacou.<\/p>\n\n\n\n<div style=\"height:23px\" aria-hidden=\"true\" class=\"wp-block-spacer\"><\/div>\n\n\n\n<p>Durante a visita, as profissionais percorreram os setores da unidade, dialogaram com colaboradores e avaliaram protocolos e rotinas operacionais. A proposta foi promover uma escuta qualificada, identificar pontos de melhoria e compartilhar experi\u00eancias que possam gerar impacto direto na assist\u00eancia aos usu\u00e1rios do Sistema \u00danico de Sa\u00fade (SUS).<\/p>\n\n\n\n<div style=\"height:23px\" aria-hidden=\"true\" class=\"wp-block-spacer\"><\/div>\n\n\n\n<p>Mais do que uma visita institucional, o encontro teve car\u00e1ter pr\u00e1tico e colaborativo. Segundo as gestoras, o fortalecimento de uma rede integrada de sa\u00fade, com foco na efici\u00eancia dos processos e na humaniza\u00e7\u00e3o do atendimento, \u00e9 um dos principais caminhos para garantir qualidade e resolutividade no servi\u00e7o prestado \u00e0 popula\u00e7\u00e3o.<\/p>\n","protected":false},"excerpt":{"rendered":"<p>Encontro entre gestoras de unidades visa fortalecer processos, promover melhorias e qualificar a jornada do paciente<\/p>\n","protected":false},"author":5,"featured_media":5134,"comment_status":"open","ping_status":"open","sticky":false,"template":"single-txt.php","format":"standard","meta":{"footnotes":""},"categories":[3],"tags":[],"class_list":["post-5133","post","type-post","status-publish","format-standard","has-post-thumbnail","hentry","category-noticia"],"yoast_head":"<!-- This site is optimized with the Yoast SEO plugin v27.5 - https:\/\/yoast.com\/product\/yoast-seo-wordpress\/ -->\n<title>UPA S\u00e3o Louren\u00e7o recebe visita t\u00e9cnica para aprimorar atendimento aos pacientes - FGH \/ Funda&ccedil;&atilde;o Gest&atilde;o Hospitalar Martiniano Fernandes<\/title>\n<meta name=\"robots\" content=\"index, follow, max-snippet:-1, max-image-preview:large, max-video-preview:-1\" \/>\n<link rel=\"canonical\" href=\"https:\/\/fghsaude.org.br\/home\/upa-sao-lourenco-recebe-visita-tecnica-para-aprimorar-atendimento-aos-pacientes\/\" \/>\n<meta property=\"og:locale\" content=\"pt_BR\" \/>\n<meta property=\"og:type\" content=\"article\" \/>\n<meta property=\"og:title\" content=\"UPA S\u00e3o Louren\u00e7o recebe visita t\u00e9cnica para aprimorar atendimento aos pacientes - FGH \/ Funda&ccedil;&atilde;o Gest&atilde;o Hospitalar Martiniano Fernandes\" \/>\n<meta property=\"og:description\" content=\"Encontro entre gestoras de unidades visa fortalecer processos, promover melhorias e qualificar a jornada do paciente\" \/>\n<meta property=\"og:url\" content=\"https:\/\/fghsaude.org.br\/home\/upa-sao-lourenco-recebe-visita-tecnica-para-aprimorar-atendimento-aos-pacientes\/\" \/>\n<meta property=\"og:site_name\" content=\"FGH \/ Funda&ccedil;&atilde;o Gest&atilde;o Hospitalar Martiniano Fernandes\" \/>\n<meta property=\"article:published_time\" content=\"2025-06-06T18:19:49+00:00\" \/>\n<meta property=\"article:modified_time\" content=\"2025-06-06T18:19:50+00:00\" \/>\n<meta property=\"og:image\" content=\"https:\/\/fghsaude.org.br\/home\/wp-content\/uploads\/2025\/06\/SLM-scaled.jpg\" \/>\n\t<meta property=\"og:image:width\" content=\"2560\" \/>\n\t<meta property=\"og:image:height\" content=\"1440\" \/>\n\t<meta property=\"og:image:type\" content=\"image\/jpeg\" \/>\n<meta name=\"author\" content=\"Felipe Ferraz\" \/>\n<meta name=\"twitter:card\" content=\"summary_large_image\" \/>\n<meta name=\"twitter:label1\" content=\"Escrito por\" \/>\n\t<meta name=\"twitter:data1\" content=\"Felipe Ferraz\" \/>\n\t<meta name=\"twitter:label2\" content=\"Est. tempo de leitura\" \/>\n\t<meta name=\"twitter:data2\" content=\"2 minutos\" \/>\n<script type=\"application\/ld+json\" class=\"yoast-schema-graph\">{\"@context\":\"https:\\\/\\\/schema.org\",\"@graph\":[{\"@type\":\"Article\",\"@id\":\"https:\\\/\\\/fghsaude.org.br\\\/home\\\/upa-sao-lourenco-recebe-visita-tecnica-para-aprimorar-atendimento-aos-pacientes\\\/#article\",\"isPartOf\":{\"@id\":\"https:\\\/\\\/fghsaude.org.br\\\/home\\\/upa-sao-lourenco-recebe-visita-tecnica-para-aprimorar-atendimento-aos-pacientes\\\/\"},\"author\":{\"name\":\"Felipe Ferraz\",\"@id\":\"https:\\\/\\\/fghsaude.org.br\\\/home\\\/#\\\/schema\\\/person\\\/c417ed872b4633d70fecfa4dc03b79e5\"},\"headline\":\"UPA S\u00e3o Louren\u00e7o recebe visita t\u00e9cnica para aprimorar atendimento aos pacientes\",\"datePublished\":\"2025-06-06T18:19:49+00:00\",\"dateModified\":\"2025-06-06T18:19:50+00:00\",\"mainEntityOfPage\":{\"@id\":\"https:\\\/\\\/fghsaude.org.br\\\/home\\\/upa-sao-lourenco-recebe-visita-tecnica-para-aprimorar-atendimento-aos-pacientes\\\/\"},\"wordCount\":262,\"commentCount\":0,\"publisher\":{\"@id\":\"https:\\\/\\\/fghsaude.org.br\\\/home\\\/#organization\"},\"image\":{\"@id\":\"https:\\\/\\\/fghsaude.org.br\\\/home\\\/upa-sao-lourenco-recebe-visita-tecnica-para-aprimorar-atendimento-aos-pacientes\\\/#primaryimage\"},\"thumbnailUrl\":\"https:\\\/\\\/fghsaude.org.br\\\/home\\\/wp-content\\\/uploads\\\/2025\\\/06\\\/SLM-scaled.jpg\",\"articleSection\":[\"Not\u00edcias\"],\"inLanguage\":\"pt-BR\",\"potentialAction\":[{\"@type\":\"CommentAction\",\"name\":\"Comment\",\"target\":[\"https:\\\/\\\/fghsaude.org.br\\\/home\\\/upa-sao-lourenco-recebe-visita-tecnica-para-aprimorar-atendimento-aos-pacientes\\\/#respond\"]}]},{\"@type\":\"WebPage\",\"@id\":\"https:\\\/\\\/fghsaude.org.br\\\/home\\\/upa-sao-lourenco-recebe-visita-tecnica-para-aprimorar-atendimento-aos-pacientes\\\/\",\"url\":\"https:\\\/\\\/fghsaude.org.br\\\/home\\\/upa-sao-lourenco-recebe-visita-tecnica-para-aprimorar-atendimento-aos-pacientes\\\/\",\"name\":\"UPA S\u00e3o Louren\u00e7o recebe visita t\u00e9cnica para aprimorar atendimento aos pacientes - FGH \\\/ Funda&ccedil;&atilde;o Gest&atilde;o Hospitalar Martiniano Fernandes\",\"isPartOf\":{\"@id\":\"https:\\\/\\\/fghsaude.org.br\\\/home\\\/#website\"},\"primaryImageOfPage\":{\"@id\":\"https:\\\/\\\/fghsaude.org.br\\\/home\\\/upa-sao-lourenco-recebe-visita-tecnica-para-aprimorar-atendimento-aos-pacientes\\\/#primaryimage\"},\"image\":{\"@id\":\"https:\\\/\\\/fghsaude.org.br\\\/home\\\/upa-sao-lourenco-recebe-visita-tecnica-para-aprimorar-atendimento-aos-pacientes\\\/#primaryimage\"},\"thumbnailUrl\":\"https:\\\/\\\/fghsaude.org.br\\\/home\\\/wp-content\\\/uploads\\\/2025\\\/06\\\/SLM-scaled.jpg\",\"datePublished\":\"2025-06-06T18:19:49+00:00\",\"dateModified\":\"2025-06-06T18:19:50+00:00\",\"breadcrumb\":{\"@id\":\"https:\\\/\\\/fghsaude.org.br\\\/home\\\/upa-sao-lourenco-recebe-visita-tecnica-para-aprimorar-atendimento-aos-pacientes\\\/#breadcrumb\"},\"inLanguage\":\"pt-BR\",\"potentialAction\":[{\"@type\":\"ReadAction\",\"target\":[\"https:\\\/\\\/fghsaude.org.br\\\/home\\\/upa-sao-lourenco-recebe-visita-tecnica-para-aprimorar-atendimento-aos-pacientes\\\/\"]}]},{\"@type\":\"ImageObject\",\"inLanguage\":\"pt-BR\",\"@id\":\"https:\\\/\\\/fghsaude.org.br\\\/home\\\/upa-sao-lourenco-recebe-visita-tecnica-para-aprimorar-atendimento-aos-pacientes\\\/#primaryimage\",\"url\":\"https:\\\/\\\/fghsaude.org.br\\\/home\\\/wp-content\\\/uploads\\\/2025\\\/06\\\/SLM-scaled.jpg\",\"contentUrl\":\"https:\\\/\\\/fghsaude.org.br\\\/home\\\/wp-content\\\/uploads\\\/2025\\\/06\\\/SLM-scaled.jpg\",\"width\":2560,\"height\":1440},{\"@type\":\"BreadcrumbList\",\"@id\":\"https:\\\/\\\/fghsaude.org.br\\\/home\\\/upa-sao-lourenco-recebe-visita-tecnica-para-aprimorar-atendimento-aos-pacientes\\\/#breadcrumb\",\"itemListElement\":[{\"@type\":\"ListItem\",\"position\":1,\"name\":\"In\u00edcio\",\"item\":\"https:\\\/\\\/fghsaude.org.br\\\/home\\\/\"},{\"@type\":\"ListItem\",\"position\":2,\"name\":\"UPA S\u00e3o Louren\u00e7o recebe visita t\u00e9cnica para aprimorar atendimento aos pacientes\"}]},{\"@type\":\"WebSite\",\"@id\":\"https:\\\/\\\/fghsaude.org.br\\\/home\\\/#website\",\"url\":\"https:\\\/\\\/fghsaude.org.br\\\/home\\\/\",\"name\":\"FGH \\\/ Funda&ccedil;&atilde;o Gest&atilde;o Hospitalar Martiniano Fernandes\",\"description\":\"Site da Funda&ccedil;&atilde;o Gest&atilde;o Hospitalar Martiniano Fernandes\",\"publisher\":{\"@id\":\"https:\\\/\\\/fghsaude.org.br\\\/home\\\/#organization\"},\"potentialAction\":[{\"@type\":\"SearchAction\",\"target\":{\"@type\":\"EntryPoint\",\"urlTemplate\":\"https:\\\/\\\/fghsaude.org.br\\\/home\\\/?s={search_term_string}\"},\"query-input\":{\"@type\":\"PropertyValueSpecification\",\"valueRequired\":true,\"valueName\":\"search_term_string\"}}],\"inLanguage\":\"pt-BR\"},{\"@type\":\"Organization\",\"@id\":\"https:\\\/\\\/fghsaude.org.br\\\/home\\\/#organization\",\"name\":\"FGH \\\/ Funda&ccedil;&atilde;o Gest&atilde;o Hospitalar Martiniano Fernandes\",\"url\":\"https:\\\/\\\/fghsaude.org.br\\\/home\\\/\",\"logo\":{\"@type\":\"ImageObject\",\"inLanguage\":\"pt-BR\",\"@id\":\"https:\\\/\\\/fghsaude.org.br\\\/home\\\/#\\\/schema\\\/logo\\\/image\\\/\",\"url\":\"https:\\\/\\\/fghsaude.org.br\\\/home\\\/wp-content\\\/uploads\\\/2022\\\/11\\\/logotipo.png\",\"contentUrl\":\"https:\\\/\\\/fghsaude.org.br\\\/home\\\/wp-content\\\/uploads\\\/2022\\\/11\\\/logotipo.png\",\"width\":182,\"height\":47,\"caption\":\"FGH \\\/ Funda&ccedil;&atilde;o Gest&atilde;o Hospitalar Martiniano Fernandes\"},\"image\":{\"@id\":\"https:\\\/\\\/fghsaude.org.br\\\/home\\\/#\\\/schema\\\/logo\\\/image\\\/\"},\"sameAs\":[\"https:\\\/\\\/www.instagram.com\\\/fghsaude\\\/\"]},{\"@type\":\"Person\",\"@id\":\"https:\\\/\\\/fghsaude.org.br\\\/home\\\/#\\\/schema\\\/person\\\/c417ed872b4633d70fecfa4dc03b79e5\",\"name\":\"Felipe Ferraz\",\"image\":{\"@type\":\"ImageObject\",\"inLanguage\":\"pt-BR\",\"@id\":\"https:\\\/\\\/secure.gravatar.com\\\/avatar\\\/bb104de0f3e9db074015bff6163535f9fb73d536bf381ad92d79b3ac514bae26?s=96&d=mm&r=g\",\"url\":\"https:\\\/\\\/secure.gravatar.com\\\/avatar\\\/bb104de0f3e9db074015bff6163535f9fb73d536bf381ad92d79b3ac514bae26?s=96&d=mm&r=g\",\"contentUrl\":\"https:\\\/\\\/secure.gravatar.com\\\/avatar\\\/bb104de0f3e9db074015bff6163535f9fb73d536bf381ad92d79b3ac514bae26?s=96&d=mm&r=g\",\"caption\":\"Felipe Ferraz\"},\"url\":\"https:\\\/\\\/fghsaude.org.br\\\/home\\\/author\\\/felipef\\\/\"}]}<\/script>\n<!-- \/ Yoast SEO plugin. -->","yoast_head_json":{"title":"UPA S\u00e3o Louren\u00e7o recebe visita t\u00e9cnica para aprimorar atendimento aos pacientes - FGH \/ Funda&ccedil;&atilde;o Gest&atilde;o Hospitalar Martiniano Fernandes","robots":{"index":"index","follow":"follow","max-snippet":"max-snippet:-1","max-image-preview":"max-image-preview:large","max-video-preview":"max-video-preview:-1"},"canonical":"https:\/\/fghsaude.org.br\/home\/upa-sao-lourenco-recebe-visita-tecnica-para-aprimorar-atendimento-aos-pacientes\/","og_locale":"pt_BR","og_type":"article","og_title":"UPA S\u00e3o Louren\u00e7o recebe visita t\u00e9cnica para aprimorar atendimento aos pacientes - FGH \/ Funda&ccedil;&atilde;o Gest&atilde;o Hospitalar Martiniano Fernandes","og_description":"Encontro entre gestoras de unidades visa fortalecer processos, promover melhorias e qualificar a jornada do paciente","og_url":"https:\/\/fghsaude.org.br\/home\/upa-sao-lourenco-recebe-visita-tecnica-para-aprimorar-atendimento-aos-pacientes\/","og_site_name":"FGH \/ Funda&ccedil;&atilde;o Gest&atilde;o Hospitalar Martiniano Fernandes","article_published_time":"2025-06-06T18:19:49+00:00","article_modified_time":"2025-06-06T18:19:50+00:00","og_image":[{"width":2560,"height":1440,"url":"https:\/\/fghsaude.org.br\/home\/wp-content\/uploads\/2025\/06\/SLM-scaled.jpg","type":"image\/jpeg"}],"author":"Felipe Ferraz","twitter_card":"summary_large_image","twitter_misc":{"Escrito por":"Felipe Ferraz","Est. tempo de leitura":"2 minutos"},"schema":{"@context":"https:\/\/schema.org","@graph":[{"@type":"Article","@id":"https:\/\/fghsaude.org.br\/home\/upa-sao-lourenco-recebe-visita-tecnica-para-aprimorar-atendimento-aos-pacientes\/#article","isPartOf":{"@id":"https:\/\/fghsaude.org.br\/home\/upa-sao-lourenco-recebe-visita-tecnica-para-aprimorar-atendimento-aos-pacientes\/"},"author":{"name":"Felipe Ferraz","@id":"https:\/\/fghsaude.org.br\/home\/#\/schema\/person\/c417ed872b4633d70fecfa4dc03b79e5"},"headline":"UPA S\u00e3o Louren\u00e7o recebe visita t\u00e9cnica para aprimorar atendimento aos pacientes","datePublished":"2025-06-06T18:19:49+00:00","dateModified":"2025-06-06T18:19:50+00:00","mainEntityOfPage":{"@id":"https:\/\/fghsaude.org.br\/home\/upa-sao-lourenco-recebe-visita-tecnica-para-aprimorar-atendimento-aos-pacientes\/"},"wordCount":262,"commentCount":0,"publisher":{"@id":"https:\/\/fghsaude.org.br\/home\/#organization"},"image":{"@id":"https:\/\/fghsaude.org.br\/home\/upa-sao-lourenco-recebe-visita-tecnica-para-aprimorar-atendimento-aos-pacientes\/#primaryimage"},"thumbnailUrl":"https:\/\/fghsaude.org.br\/home\/wp-content\/uploads\/2025\/06\/SLM-scaled.jpg","articleSection":["Not\u00edcias"],"inLanguage":"pt-BR","potentialAction":[{"@type":"CommentAction","name":"Comment","target":["https:\/\/fghsaude.org.br\/home\/upa-sao-lourenco-recebe-visita-tecnica-para-aprimorar-atendimento-aos-pacientes\/#respond"]}]},{"@type":"WebPage","@id":"https:\/\/fghsaude.org.br\/home\/upa-sao-lourenco-recebe-visita-tecnica-para-aprimorar-atendimento-aos-pacientes\/","url":"https:\/\/fghsaude.org.br\/home\/upa-sao-lourenco-recebe-visita-tecnica-para-aprimorar-atendimento-aos-pacientes\/","name":"UPA S\u00e3o Louren\u00e7o recebe visita t\u00e9cnica para aprimorar atendimento aos pacientes - FGH \/ Funda&ccedil;&atilde;o Gest&atilde;o Hospitalar Martiniano Fernandes","isPartOf":{"@id":"https:\/\/fghsaude.org.br\/home\/#website"},"primaryImageOfPage":{"@id":"https:\/\/fghsaude.org.br\/home\/upa-sao-lourenco-recebe-visita-tecnica-para-aprimorar-atendimento-aos-pacientes\/#primaryimage"},"image":{"@id":"https:\/\/fghsaude.org.br\/home\/upa-sao-lourenco-recebe-visita-tecnica-para-aprimorar-atendimento-aos-pacientes\/#primaryimage"},"thumbnailUrl":"https:\/\/fghsaude.org.br\/home\/wp-content\/uploads\/2025\/06\/SLM-scaled.jpg","datePublished":"2025-06-06T18:19:49+00:00","dateModified":"2025-06-06T18:19:50+00:00","breadcrumb":{"@id":"https:\/\/fghsaude.org.br\/home\/upa-sao-lourenco-recebe-visita-tecnica-para-aprimorar-atendimento-aos-pacientes\/#breadcrumb"},"inLanguage":"pt-BR","potentialAction":[{"@type":"ReadAction","target":["https:\/\/fghsaude.org.br\/home\/upa-sao-lourenco-recebe-visita-tecnica-para-aprimorar-atendimento-aos-pacientes\/"]}]},{"@type":"ImageObject","inLanguage":"pt-BR","@id":"https:\/\/fghsaude.org.br\/home\/upa-sao-lourenco-recebe-visita-tecnica-para-aprimorar-atendimento-aos-pacientes\/#primaryimage","url":"https:\/\/fghsaude.org.br\/home\/wp-content\/uploads\/2025\/06\/SLM-scaled.jpg","contentUrl":"https:\/\/fghsaude.org.br\/home\/wp-content\/uploads\/2025\/06\/SLM-scaled.jpg","width":2560,"height":1440},{"@type":"BreadcrumbList","@id":"https:\/\/fghsaude.org.br\/home\/upa-sao-lourenco-recebe-visita-tecnica-para-aprimorar-atendimento-aos-pacientes\/#breadcrumb","itemListElement":[{"@type":"ListItem","position":1,"name":"In\u00edcio","item":"https:\/\/fghsaude.org.br\/home\/"},{"@type":"ListItem","position":2,"name":"UPA S\u00e3o Louren\u00e7o recebe visita t\u00e9cnica para aprimorar atendimento aos pacientes"}]},{"@type":"WebSite","@id":"https:\/\/fghsaude.org.br\/home\/#website","url":"https:\/\/fghsaude.org.br\/home\/","name":"FGH \/ Funda&ccedil;&atilde;o Gest&atilde;o Hospitalar Martiniano Fernandes","description":"Site da Funda&ccedil;&atilde;o Gest&atilde;o Hospitalar Martiniano Fernandes","publisher":{"@id":"https:\/\/fghsaude.org.br\/home\/#organization"},"potentialAction":[{"@type":"SearchAction","target":{"@type":"EntryPoint","urlTemplate":"https:\/\/fghsaude.org.br\/home\/?s={search_term_string}"},"query-input":{"@type":"PropertyValueSpecification","valueRequired":true,"valueName":"search_term_string"}}],"inLanguage":"pt-BR"},{"@type":"Organization","@id":"https:\/\/fghsaude.org.br\/home\/#organization","name":"FGH \/ Funda&ccedil;&atilde;o Gest&atilde;o Hospitalar Martiniano Fernandes","url":"https:\/\/fghsaude.org.br\/home\/","logo":{"@type":"ImageObject","inLanguage":"pt-BR","@id":"https:\/\/fghsaude.org.br\/home\/#\/schema\/logo\/image\/","url":"https:\/\/fghsaude.org.br\/home\/wp-content\/uploads\/2022\/11\/logotipo.png","contentUrl":"https:\/\/fghsaude.org.br\/home\/wp-content\/uploads\/2022\/11\/logotipo.png","width":182,"height":47,"caption":"FGH \/ Funda&ccedil;&atilde;o Gest&atilde;o Hospitalar Martiniano Fernandes"},"image":{"@id":"https:\/\/fghsaude.org.br\/home\/#\/schema\/logo\/image\/"},"sameAs":["https:\/\/www.instagram.com\/fghsaude\/"]},{"@type":"Person","@id":"https:\/\/fghsaude.org.br\/home\/#\/schema\/person\/c417ed872b4633d70fecfa4dc03b79e5","name":"Felipe Ferraz","image":{"@type":"ImageObject","inLanguage":"pt-BR","@id":"https:\/\/secure.gravatar.com\/avatar\/bb104de0f3e9db074015bff6163535f9fb73d536bf381ad92d79b3ac514bae26?s=96&d=mm&r=g","url":"https:\/\/secure.gravatar.com\/avatar\/bb104de0f3e9db074015bff6163535f9fb73d536bf381ad92d79b3ac514bae26?s=96&d=mm&r=g","contentUrl":"https:\/\/secure.gravatar.com\/avatar\/bb104de0f3e9db074015bff6163535f9fb73d536bf381ad92d79b3ac514bae26?s=96&d=mm&r=g","caption":"Felipe Ferraz"},"url":"https:\/\/fghsaude.org.br\/home\/author\/felipef\/"}]}},"_links":{"self":[{"href":"https:\/\/fghsaude.org.br\/home\/wp-json\/wp\/v2\/posts\/5133","targetHints":{"allow":["GET"]}}],"collection":[{"href":"https:\/\/fghsaude.org.br\/home\/wp-json\/wp\/v2\/posts"}],"about":[{"href":"https:\/\/fghsaude.org.br\/home\/wp-json\/wp\/v2\/types\/post"}],"author":[{"embeddable":true,"href":"https:\/\/fghsaude.org.br\/home\/wp-json\/wp\/v2\/users\/5"}],"replies":[{"embeddable":true,"href":"https:\/\/fghsaude.org.br\/home\/wp-json\/wp\/v2\/comments?post=5133"}],"version-history":[{"count":2,"href":"https:\/\/fghsaude.org.br\/home\/wp-json\/wp\/v2\/posts\/5133\/revisions"}],"predecessor-version":[{"id":5136,"href":"https:\/\/fghsaude.org.br\/home\/wp-json\/wp\/v2\/posts\/5133\/revisions\/5136"}],"wp:featuredmedia":[{"embeddable":true,"href":"https:\/\/fghsaude.org.br\/home\/wp-json\/wp\/v2\/media\/5134"}],"wp:attachment":[{"href":"https:\/\/fghsaude.org.br\/home\/wp-json\/wp\/v2\/media?parent=5133"}],"wp:term":[{"taxonomy":"category","embeddable":true,"href":"https:\/\/fghsaude.org.br\/home\/wp-json\/wp\/v2\/categories?post=5133"},{"taxonomy":"post_tag","embeddable":true,"href":"https:\/\/fghsaude.org.br\/home\/wp-json\/wp\/v2\/tags?post=5133"}],"curies":[{"name":"wp","href":"https:\/\/api.w.org\/{rel}","templated":true}]}}