{"id":5063,"date":"2025-05-30T13:09:09","date_gmt":"2025-05-30T16:09:09","guid":{"rendered":"https:\/\/fghsaude.org.br\/home\/?p=5063"},"modified":"2025-05-30T13:09:10","modified_gmt":"2025-05-30T16:09:10","slug":"dor-de-cabeca-persistente-pode-ser-sinal-de-tumor-no-cerebro","status":"publish","type":"post","link":"https:\/\/fghsaude.org.br\/home\/dor-de-cabeca-persistente-pode-ser-sinal-de-tumor-no-cerebro\/","title":{"rendered":"Dor de cabe\u00e7a persistente pode ser sinal de tumor no c\u00e9rebro"},"content":{"rendered":"\n<p class=\"has-text-align-center\"><em>Hospital Pel\u00f3pidas Silveira busca refor\u00e7ar import\u00e2ncia de diagn\u00f3stico e tratamento precoces<\/em> durante o Maio Cinza<\/p>\n\n\n\n<div style=\"height:20px\" aria-hidden=\"true\" class=\"wp-block-spacer\"><\/div>\n\n\n<div class=\"wp-block-image\">\n<figure class=\"aligncenter size-large is-resized\"><img fetchpriority=\"high\" decoding=\"async\" width=\"1280\" height=\"720\" src=\"https:\/\/fghsaude.org.br\/home\/wp-content\/uploads\/2025\/05\/HPS-1-edited.jpeg\" alt=\"\" class=\"wp-image-5065\" style=\"width:578px;height:auto\" srcset=\"https:\/\/fghsaude.org.br\/home\/wp-content\/uploads\/2025\/05\/HPS-1-edited.jpeg 1280w, https:\/\/fghsaude.org.br\/home\/wp-content\/uploads\/2025\/05\/HPS-1-edited-300x169.jpeg 300w, https:\/\/fghsaude.org.br\/home\/wp-content\/uploads\/2025\/05\/HPS-1-edited-1024x576.jpeg 1024w, https:\/\/fghsaude.org.br\/home\/wp-content\/uploads\/2025\/05\/HPS-1-edited-768x432.jpeg 768w\" sizes=\"(max-width: 1280px) 100vw, 1280px\" \/><\/figure>\n<\/div>\n\n\n<div style=\"height:20px\" aria-hidden=\"true\" class=\"wp-block-spacer\"><\/div>\n\n\n\n<p>Em 2025, s\u00e3o esperados 11.490 novos casos de c\u00e2nceres no sistema nervoso central (c\u00e9rebro e medula espinhal), de acordo com o Instituto Nacional de C\u00e2ncer (Inca). Desse total, 590 ser\u00e3o em Pernambuco, 8\u00ba Estado brasileiro e 2\u00ba no Nordeste com o maior n\u00famero de casos. No mundo, s\u00e3o mais de 310 mil ocorr\u00eancias anuais (2020).<\/p>\n\n\n\n<div style=\"height:20px\" aria-hidden=\"true\" class=\"wp-block-spacer\"><\/div>\n\n\n\n<p>A campanha Maio Cinza busca chamar a aten\u00e7\u00e3o para o diagn\u00f3stico precoce e tratamento correto desses tumores, sejam benignos ou malignos (c\u00e2ncer propriamente dito). O neurocirurgi\u00e3o Igor Faquini, coordenador da especialidade no Hospital Pel\u00f3pidas Silveira, chama a aten\u00e7\u00e3o para os principais sinais de alerta nos casos de tumores cerebrais, que podem ser confundidos com outras condi\u00e7\u00f5es.<\/p>\n\n\n\n<div style=\"height:20px\" aria-hidden=\"true\" class=\"wp-block-spacer\"><\/div>\n\n\n\n<p>Faquini conta que h\u00e1 dois sintomas principais que podem sugerir um tumor cerebral: convuls\u00f5es (crises epil\u00e9pticas), presentes em 30% a 50% dos casos; e dores de cabe\u00e7a (50% a 70% dos casos ).<\/p>\n\n\n\n<div style=\"height:20px\" aria-hidden=\"true\" class=\"wp-block-spacer\"><\/div>\n\n\n\n<p>\u201cEmbora nem toda dor de cabe\u00e7a seja sinal da presen\u00e7a de um tumor cerebral, certos padr\u00f5es devem levantar suspeita, especialmente quando associados a outros sinais neurol\u00f3gicos. As principais caracter\u00edsticas dessa dor de cabe\u00e7a s\u00e3o: in\u00edcio recente em adultos, piora pela manh\u00e3, evolu\u00e7\u00e3o progressiva com aumento de intensidade e frequ\u00eancia, associadas a v\u00f4mitos e resist\u00eancia a analg\u00e9sicos comuns. Ela tamb\u00e9m pode estar associada a alguns sinais neurol\u00f3gicos, como perda de fun\u00e7\u00e3o motora, de fun\u00e7\u00e3o sensitiva ou altera\u00e7\u00f5es na fala, a depender da localiza\u00e7\u00e3o do tumor no c\u00e9rebro\u201d, pontua o neurocirurgi\u00e3o.<\/p>\n\n\n\n<div style=\"height:20px\" aria-hidden=\"true\" class=\"wp-block-spacer\"><\/div>\n\n\n\n<p>O diagn\u00f3stico vai depender da avalia\u00e7\u00e3o cl\u00ednica, da hist\u00f3ria relatada e dos exames de neuroimagem complementares (tomografia e\/ou resson\u00e2ncia magn\u00e9tica), sendo o tratamento r\u00e1pido essencial. \u201cO c\u00e2ncer de c\u00e9rebro \u00e9 uma doen\u00e7a muitas vezes incapacitante, agressiva, e a expectativa de vida do paciente \u00e9 menor que na maior parte dos demais c\u00e2nceres em outros locais no corpo. Precisamos trazer para o paciente nesse tempo de vida, ainda que n\u00e3o prolongado, qualidade de vida, oferecendo o tratamento correto, que \u00e9 baseado em cirurgia, radioterapia e quimioterapia, n\u00e3o obrigatoriamente os tr\u00eas e nem obrigatoriamente nessa ordem\u201d, destaca o coordenador da especialidade de neurocirurgia do Hospital Pel\u00f3pidas Silveira.&nbsp;<\/p>\n\n\n\n<div style=\"height:20px\" aria-hidden=\"true\" class=\"wp-block-spacer\"><\/div>\n\n\n\n<p>No HPS, o paciente \u00e9 tratado neurocirurgicamente e, sendo necess\u00e1ria a quimioterapia ou radioterapia, encaminha-se para um servi\u00e7o de refer\u00eancia em oncologia.<\/p>\n","protected":false},"excerpt":{"rendered":"<p>Hospital Pel\u00f3pidas Silveira busca refor\u00e7ar import\u00e2ncia de diagn\u00f3stico e tratamento precoces durante o Maio Cinza<\/p>\n","protected":false},"author":5,"featured_media":0,"comment_status":"open","ping_status":"open","sticky":false,"template":"single-txt.php","format":"standard","meta":{"footnotes":""},"categories":[3],"tags":[],"class_list":["post-5063","post","type-post","status-publish","format-standard","hentry","category-noticia"],"yoast_head":"<!-- This site is optimized with the Yoast SEO plugin v27.5 - https:\/\/yoast.com\/product\/yoast-seo-wordpress\/ -->\n<title>Dor de cabe\u00e7a persistente pode ser sinal de tumor no c\u00e9rebro - FGH \/ Funda&ccedil;&atilde;o Gest&atilde;o Hospitalar Martiniano Fernandes<\/title>\n<meta name=\"robots\" content=\"index, follow, max-snippet:-1, max-image-preview:large, max-video-preview:-1\" \/>\n<link rel=\"canonical\" href=\"https:\/\/fghsaude.org.br\/home\/dor-de-cabeca-persistente-pode-ser-sinal-de-tumor-no-cerebro\/\" \/>\n<meta property=\"og:locale\" content=\"pt_BR\" \/>\n<meta property=\"og:type\" content=\"article\" \/>\n<meta property=\"og:title\" content=\"Dor de cabe\u00e7a persistente pode ser sinal de tumor no c\u00e9rebro - FGH \/ Funda&ccedil;&atilde;o Gest&atilde;o Hospitalar Martiniano Fernandes\" \/>\n<meta property=\"og:description\" content=\"Hospital Pel\u00f3pidas Silveira busca refor\u00e7ar import\u00e2ncia de diagn\u00f3stico e tratamento precoces durante o Maio Cinza\" \/>\n<meta property=\"og:url\" content=\"https:\/\/fghsaude.org.br\/home\/dor-de-cabeca-persistente-pode-ser-sinal-de-tumor-no-cerebro\/\" \/>\n<meta property=\"og:site_name\" content=\"FGH \/ Funda&ccedil;&atilde;o Gest&atilde;o Hospitalar Martiniano Fernandes\" \/>\n<meta property=\"article:published_time\" content=\"2025-05-30T16:09:09+00:00\" \/>\n<meta property=\"article:modified_time\" content=\"2025-05-30T16:09:10+00:00\" \/>\n<meta property=\"og:image\" content=\"https:\/\/fghsaude.org.br\/home\/wp-content\/uploads\/2025\/05\/HPS-1-edited.jpeg\" \/>\n\t<meta property=\"og:image:width\" content=\"1280\" \/>\n\t<meta property=\"og:image:height\" content=\"720\" \/>\n\t<meta property=\"og:image:type\" content=\"image\/jpeg\" \/>\n<meta name=\"author\" content=\"Felipe Ferraz\" \/>\n<meta name=\"twitter:card\" content=\"summary_large_image\" \/>\n<meta name=\"twitter:label1\" content=\"Escrito por\" \/>\n\t<meta name=\"twitter:data1\" content=\"Felipe Ferraz\" \/>\n\t<meta name=\"twitter:label2\" content=\"Est. tempo de leitura\" \/>\n\t<meta name=\"twitter:data2\" content=\"3 minutos\" \/>\n<script type=\"application\/ld+json\" class=\"yoast-schema-graph\">{\"@context\":\"https:\\\/\\\/schema.org\",\"@graph\":[{\"@type\":\"Article\",\"@id\":\"https:\\\/\\\/fghsaude.org.br\\\/home\\\/dor-de-cabeca-persistente-pode-ser-sinal-de-tumor-no-cerebro\\\/#article\",\"isPartOf\":{\"@id\":\"https:\\\/\\\/fghsaude.org.br\\\/home\\\/dor-de-cabeca-persistente-pode-ser-sinal-de-tumor-no-cerebro\\\/\"},\"author\":{\"name\":\"Felipe Ferraz\",\"@id\":\"https:\\\/\\\/fghsaude.org.br\\\/home\\\/#\\\/schema\\\/person\\\/c417ed872b4633d70fecfa4dc03b79e5\"},\"headline\":\"Dor de cabe\u00e7a persistente pode ser sinal de tumor no c\u00e9rebro\",\"datePublished\":\"2025-05-30T16:09:09+00:00\",\"dateModified\":\"2025-05-30T16:09:10+00:00\",\"mainEntityOfPage\":{\"@id\":\"https:\\\/\\\/fghsaude.org.br\\\/home\\\/dor-de-cabeca-persistente-pode-ser-sinal-de-tumor-no-cerebro\\\/\"},\"wordCount\":435,\"commentCount\":0,\"publisher\":{\"@id\":\"https:\\\/\\\/fghsaude.org.br\\\/home\\\/#organization\"},\"image\":{\"@id\":\"https:\\\/\\\/fghsaude.org.br\\\/home\\\/dor-de-cabeca-persistente-pode-ser-sinal-de-tumor-no-cerebro\\\/#primaryimage\"},\"thumbnailUrl\":\"https:\\\/\\\/fghsaude.org.br\\\/home\\\/wp-content\\\/uploads\\\/2025\\\/05\\\/HPS-1-edited.jpeg\",\"articleSection\":[\"Not\u00edcias\"],\"inLanguage\":\"pt-BR\",\"potentialAction\":[{\"@type\":\"CommentAction\",\"name\":\"Comment\",\"target\":[\"https:\\\/\\\/fghsaude.org.br\\\/home\\\/dor-de-cabeca-persistente-pode-ser-sinal-de-tumor-no-cerebro\\\/#respond\"]}]},{\"@type\":\"WebPage\",\"@id\":\"https:\\\/\\\/fghsaude.org.br\\\/home\\\/dor-de-cabeca-persistente-pode-ser-sinal-de-tumor-no-cerebro\\\/\",\"url\":\"https:\\\/\\\/fghsaude.org.br\\\/home\\\/dor-de-cabeca-persistente-pode-ser-sinal-de-tumor-no-cerebro\\\/\",\"name\":\"Dor de cabe\u00e7a persistente pode ser sinal de tumor no c\u00e9rebro - FGH \\\/ Funda&ccedil;&atilde;o Gest&atilde;o Hospitalar Martiniano Fernandes\",\"isPartOf\":{\"@id\":\"https:\\\/\\\/fghsaude.org.br\\\/home\\\/#website\"},\"primaryImageOfPage\":{\"@id\":\"https:\\\/\\\/fghsaude.org.br\\\/home\\\/dor-de-cabeca-persistente-pode-ser-sinal-de-tumor-no-cerebro\\\/#primaryimage\"},\"image\":{\"@id\":\"https:\\\/\\\/fghsaude.org.br\\\/home\\\/dor-de-cabeca-persistente-pode-ser-sinal-de-tumor-no-cerebro\\\/#primaryimage\"},\"thumbnailUrl\":\"https:\\\/\\\/fghsaude.org.br\\\/home\\\/wp-content\\\/uploads\\\/2025\\\/05\\\/HPS-1-edited.jpeg\",\"datePublished\":\"2025-05-30T16:09:09+00:00\",\"dateModified\":\"2025-05-30T16:09:10+00:00\",\"breadcrumb\":{\"@id\":\"https:\\\/\\\/fghsaude.org.br\\\/home\\\/dor-de-cabeca-persistente-pode-ser-sinal-de-tumor-no-cerebro\\\/#breadcrumb\"},\"inLanguage\":\"pt-BR\",\"potentialAction\":[{\"@type\":\"ReadAction\",\"target\":[\"https:\\\/\\\/fghsaude.org.br\\\/home\\\/dor-de-cabeca-persistente-pode-ser-sinal-de-tumor-no-cerebro\\\/\"]}]},{\"@type\":\"ImageObject\",\"inLanguage\":\"pt-BR\",\"@id\":\"https:\\\/\\\/fghsaude.org.br\\\/home\\\/dor-de-cabeca-persistente-pode-ser-sinal-de-tumor-no-cerebro\\\/#primaryimage\",\"url\":\"https:\\\/\\\/fghsaude.org.br\\\/home\\\/wp-content\\\/uploads\\\/2025\\\/05\\\/HPS-1-edited.jpeg\",\"contentUrl\":\"https:\\\/\\\/fghsaude.org.br\\\/home\\\/wp-content\\\/uploads\\\/2025\\\/05\\\/HPS-1-edited.jpeg\",\"width\":1280,\"height\":720},{\"@type\":\"BreadcrumbList\",\"@id\":\"https:\\\/\\\/fghsaude.org.br\\\/home\\\/dor-de-cabeca-persistente-pode-ser-sinal-de-tumor-no-cerebro\\\/#breadcrumb\",\"itemListElement\":[{\"@type\":\"ListItem\",\"position\":1,\"name\":\"In\u00edcio\",\"item\":\"https:\\\/\\\/fghsaude.org.br\\\/home\\\/\"},{\"@type\":\"ListItem\",\"position\":2,\"name\":\"Dor de cabe\u00e7a persistente pode ser sinal de tumor no c\u00e9rebro\"}]},{\"@type\":\"WebSite\",\"@id\":\"https:\\\/\\\/fghsaude.org.br\\\/home\\\/#website\",\"url\":\"https:\\\/\\\/fghsaude.org.br\\\/home\\\/\",\"name\":\"FGH \\\/ Funda&ccedil;&atilde;o Gest&atilde;o Hospitalar Martiniano Fernandes\",\"description\":\"Site da Funda&ccedil;&atilde;o Gest&atilde;o Hospitalar Martiniano Fernandes\",\"publisher\":{\"@id\":\"https:\\\/\\\/fghsaude.org.br\\\/home\\\/#organization\"},\"potentialAction\":[{\"@type\":\"SearchAction\",\"target\":{\"@type\":\"EntryPoint\",\"urlTemplate\":\"https:\\\/\\\/fghsaude.org.br\\\/home\\\/?s={search_term_string}\"},\"query-input\":{\"@type\":\"PropertyValueSpecification\",\"valueRequired\":true,\"valueName\":\"search_term_string\"}}],\"inLanguage\":\"pt-BR\"},{\"@type\":\"Organization\",\"@id\":\"https:\\\/\\\/fghsaude.org.br\\\/home\\\/#organization\",\"name\":\"FGH \\\/ Funda&ccedil;&atilde;o Gest&atilde;o Hospitalar Martiniano Fernandes\",\"url\":\"https:\\\/\\\/fghsaude.org.br\\\/home\\\/\",\"logo\":{\"@type\":\"ImageObject\",\"inLanguage\":\"pt-BR\",\"@id\":\"https:\\\/\\\/fghsaude.org.br\\\/home\\\/#\\\/schema\\\/logo\\\/image\\\/\",\"url\":\"https:\\\/\\\/fghsaude.org.br\\\/home\\\/wp-content\\\/uploads\\\/2022\\\/11\\\/logotipo.png\",\"contentUrl\":\"https:\\\/\\\/fghsaude.org.br\\\/home\\\/wp-content\\\/uploads\\\/2022\\\/11\\\/logotipo.png\",\"width\":182,\"height\":47,\"caption\":\"FGH \\\/ Funda&ccedil;&atilde;o Gest&atilde;o Hospitalar Martiniano Fernandes\"},\"image\":{\"@id\":\"https:\\\/\\\/fghsaude.org.br\\\/home\\\/#\\\/schema\\\/logo\\\/image\\\/\"},\"sameAs\":[\"https:\\\/\\\/www.instagram.com\\\/fghsaude\\\/\"]},{\"@type\":\"Person\",\"@id\":\"https:\\\/\\\/fghsaude.org.br\\\/home\\\/#\\\/schema\\\/person\\\/c417ed872b4633d70fecfa4dc03b79e5\",\"name\":\"Felipe Ferraz\",\"image\":{\"@type\":\"ImageObject\",\"inLanguage\":\"pt-BR\",\"@id\":\"https:\\\/\\\/secure.gravatar.com\\\/avatar\\\/bb104de0f3e9db074015bff6163535f9fb73d536bf381ad92d79b3ac514bae26?s=96&d=mm&r=g\",\"url\":\"https:\\\/\\\/secure.gravatar.com\\\/avatar\\\/bb104de0f3e9db074015bff6163535f9fb73d536bf381ad92d79b3ac514bae26?s=96&d=mm&r=g\",\"contentUrl\":\"https:\\\/\\\/secure.gravatar.com\\\/avatar\\\/bb104de0f3e9db074015bff6163535f9fb73d536bf381ad92d79b3ac514bae26?s=96&d=mm&r=g\",\"caption\":\"Felipe Ferraz\"},\"url\":\"https:\\\/\\\/fghsaude.org.br\\\/home\\\/author\\\/felipef\\\/\"}]}<\/script>\n<!-- \/ Yoast SEO plugin. -->","yoast_head_json":{"title":"Dor de cabe\u00e7a persistente pode ser sinal de tumor no c\u00e9rebro - FGH \/ Funda&ccedil;&atilde;o Gest&atilde;o Hospitalar Martiniano Fernandes","robots":{"index":"index","follow":"follow","max-snippet":"max-snippet:-1","max-image-preview":"max-image-preview:large","max-video-preview":"max-video-preview:-1"},"canonical":"https:\/\/fghsaude.org.br\/home\/dor-de-cabeca-persistente-pode-ser-sinal-de-tumor-no-cerebro\/","og_locale":"pt_BR","og_type":"article","og_title":"Dor de cabe\u00e7a persistente pode ser sinal de tumor no c\u00e9rebro - FGH \/ Funda&ccedil;&atilde;o Gest&atilde;o Hospitalar Martiniano Fernandes","og_description":"Hospital Pel\u00f3pidas Silveira busca refor\u00e7ar import\u00e2ncia de diagn\u00f3stico e tratamento precoces durante o Maio Cinza","og_url":"https:\/\/fghsaude.org.br\/home\/dor-de-cabeca-persistente-pode-ser-sinal-de-tumor-no-cerebro\/","og_site_name":"FGH \/ Funda&ccedil;&atilde;o Gest&atilde;o Hospitalar Martiniano Fernandes","article_published_time":"2025-05-30T16:09:09+00:00","article_modified_time":"2025-05-30T16:09:10+00:00","og_image":[{"width":1280,"height":720,"url":"https:\/\/fghsaude.org.br\/home\/wp-content\/uploads\/2025\/05\/HPS-1-edited.jpeg","type":"image\/jpeg"}],"author":"Felipe Ferraz","twitter_card":"summary_large_image","twitter_misc":{"Escrito por":"Felipe Ferraz","Est. tempo de leitura":"3 minutos"},"schema":{"@context":"https:\/\/schema.org","@graph":[{"@type":"Article","@id":"https:\/\/fghsaude.org.br\/home\/dor-de-cabeca-persistente-pode-ser-sinal-de-tumor-no-cerebro\/#article","isPartOf":{"@id":"https:\/\/fghsaude.org.br\/home\/dor-de-cabeca-persistente-pode-ser-sinal-de-tumor-no-cerebro\/"},"author":{"name":"Felipe Ferraz","@id":"https:\/\/fghsaude.org.br\/home\/#\/schema\/person\/c417ed872b4633d70fecfa4dc03b79e5"},"headline":"Dor de cabe\u00e7a persistente pode ser sinal de tumor no c\u00e9rebro","datePublished":"2025-05-30T16:09:09+00:00","dateModified":"2025-05-30T16:09:10+00:00","mainEntityOfPage":{"@id":"https:\/\/fghsaude.org.br\/home\/dor-de-cabeca-persistente-pode-ser-sinal-de-tumor-no-cerebro\/"},"wordCount":435,"commentCount":0,"publisher":{"@id":"https:\/\/fghsaude.org.br\/home\/#organization"},"image":{"@id":"https:\/\/fghsaude.org.br\/home\/dor-de-cabeca-persistente-pode-ser-sinal-de-tumor-no-cerebro\/#primaryimage"},"thumbnailUrl":"https:\/\/fghsaude.org.br\/home\/wp-content\/uploads\/2025\/05\/HPS-1-edited.jpeg","articleSection":["Not\u00edcias"],"inLanguage":"pt-BR","potentialAction":[{"@type":"CommentAction","name":"Comment","target":["https:\/\/fghsaude.org.br\/home\/dor-de-cabeca-persistente-pode-ser-sinal-de-tumor-no-cerebro\/#respond"]}]},{"@type":"WebPage","@id":"https:\/\/fghsaude.org.br\/home\/dor-de-cabeca-persistente-pode-ser-sinal-de-tumor-no-cerebro\/","url":"https:\/\/fghsaude.org.br\/home\/dor-de-cabeca-persistente-pode-ser-sinal-de-tumor-no-cerebro\/","name":"Dor de cabe\u00e7a persistente pode ser sinal de tumor no c\u00e9rebro - FGH \/ Funda&ccedil;&atilde;o Gest&atilde;o Hospitalar Martiniano Fernandes","isPartOf":{"@id":"https:\/\/fghsaude.org.br\/home\/#website"},"primaryImageOfPage":{"@id":"https:\/\/fghsaude.org.br\/home\/dor-de-cabeca-persistente-pode-ser-sinal-de-tumor-no-cerebro\/#primaryimage"},"image":{"@id":"https:\/\/fghsaude.org.br\/home\/dor-de-cabeca-persistente-pode-ser-sinal-de-tumor-no-cerebro\/#primaryimage"},"thumbnailUrl":"https:\/\/fghsaude.org.br\/home\/wp-content\/uploads\/2025\/05\/HPS-1-edited.jpeg","datePublished":"2025-05-30T16:09:09+00:00","dateModified":"2025-05-30T16:09:10+00:00","breadcrumb":{"@id":"https:\/\/fghsaude.org.br\/home\/dor-de-cabeca-persistente-pode-ser-sinal-de-tumor-no-cerebro\/#breadcrumb"},"inLanguage":"pt-BR","potentialAction":[{"@type":"ReadAction","target":["https:\/\/fghsaude.org.br\/home\/dor-de-cabeca-persistente-pode-ser-sinal-de-tumor-no-cerebro\/"]}]},{"@type":"ImageObject","inLanguage":"pt-BR","@id":"https:\/\/fghsaude.org.br\/home\/dor-de-cabeca-persistente-pode-ser-sinal-de-tumor-no-cerebro\/#primaryimage","url":"https:\/\/fghsaude.org.br\/home\/wp-content\/uploads\/2025\/05\/HPS-1-edited.jpeg","contentUrl":"https:\/\/fghsaude.org.br\/home\/wp-content\/uploads\/2025\/05\/HPS-1-edited.jpeg","width":1280,"height":720},{"@type":"BreadcrumbList","@id":"https:\/\/fghsaude.org.br\/home\/dor-de-cabeca-persistente-pode-ser-sinal-de-tumor-no-cerebro\/#breadcrumb","itemListElement":[{"@type":"ListItem","position":1,"name":"In\u00edcio","item":"https:\/\/fghsaude.org.br\/home\/"},{"@type":"ListItem","position":2,"name":"Dor de cabe\u00e7a persistente pode ser sinal de tumor no c\u00e9rebro"}]},{"@type":"WebSite","@id":"https:\/\/fghsaude.org.br\/home\/#website","url":"https:\/\/fghsaude.org.br\/home\/","name":"FGH \/ Funda&ccedil;&atilde;o Gest&atilde;o Hospitalar Martiniano Fernandes","description":"Site da Funda&ccedil;&atilde;o Gest&atilde;o Hospitalar Martiniano Fernandes","publisher":{"@id":"https:\/\/fghsaude.org.br\/home\/#organization"},"potentialAction":[{"@type":"SearchAction","target":{"@type":"EntryPoint","urlTemplate":"https:\/\/fghsaude.org.br\/home\/?s={search_term_string}"},"query-input":{"@type":"PropertyValueSpecification","valueRequired":true,"valueName":"search_term_string"}}],"inLanguage":"pt-BR"},{"@type":"Organization","@id":"https:\/\/fghsaude.org.br\/home\/#organization","name":"FGH \/ Funda&ccedil;&atilde;o Gest&atilde;o Hospitalar Martiniano Fernandes","url":"https:\/\/fghsaude.org.br\/home\/","logo":{"@type":"ImageObject","inLanguage":"pt-BR","@id":"https:\/\/fghsaude.org.br\/home\/#\/schema\/logo\/image\/","url":"https:\/\/fghsaude.org.br\/home\/wp-content\/uploads\/2022\/11\/logotipo.png","contentUrl":"https:\/\/fghsaude.org.br\/home\/wp-content\/uploads\/2022\/11\/logotipo.png","width":182,"height":47,"caption":"FGH \/ Funda&ccedil;&atilde;o Gest&atilde;o Hospitalar Martiniano Fernandes"},"image":{"@id":"https:\/\/fghsaude.org.br\/home\/#\/schema\/logo\/image\/"},"sameAs":["https:\/\/www.instagram.com\/fghsaude\/"]},{"@type":"Person","@id":"https:\/\/fghsaude.org.br\/home\/#\/schema\/person\/c417ed872b4633d70fecfa4dc03b79e5","name":"Felipe Ferraz","image":{"@type":"ImageObject","inLanguage":"pt-BR","@id":"https:\/\/secure.gravatar.com\/avatar\/bb104de0f3e9db074015bff6163535f9fb73d536bf381ad92d79b3ac514bae26?s=96&d=mm&r=g","url":"https:\/\/secure.gravatar.com\/avatar\/bb104de0f3e9db074015bff6163535f9fb73d536bf381ad92d79b3ac514bae26?s=96&d=mm&r=g","contentUrl":"https:\/\/secure.gravatar.com\/avatar\/bb104de0f3e9db074015bff6163535f9fb73d536bf381ad92d79b3ac514bae26?s=96&d=mm&r=g","caption":"Felipe Ferraz"},"url":"https:\/\/fghsaude.org.br\/home\/author\/felipef\/"}]}},"_links":{"self":[{"href":"https:\/\/fghsaude.org.br\/home\/wp-json\/wp\/v2\/posts\/5063","targetHints":{"allow":["GET"]}}],"collection":[{"href":"https:\/\/fghsaude.org.br\/home\/wp-json\/wp\/v2\/posts"}],"about":[{"href":"https:\/\/fghsaude.org.br\/home\/wp-json\/wp\/v2\/types\/post"}],"author":[{"embeddable":true,"href":"https:\/\/fghsaude.org.br\/home\/wp-json\/wp\/v2\/users\/5"}],"replies":[{"embeddable":true,"href":"https:\/\/fghsaude.org.br\/home\/wp-json\/wp\/v2\/comments?post=5063"}],"version-history":[{"count":2,"href":"https:\/\/fghsaude.org.br\/home\/wp-json\/wp\/v2\/posts\/5063\/revisions"}],"predecessor-version":[{"id":5067,"href":"https:\/\/fghsaude.org.br\/home\/wp-json\/wp\/v2\/posts\/5063\/revisions\/5067"}],"wp:attachment":[{"href":"https:\/\/fghsaude.org.br\/home\/wp-json\/wp\/v2\/media?parent=5063"}],"wp:term":[{"taxonomy":"category","embeddable":true,"href":"https:\/\/fghsaude.org.br\/home\/wp-json\/wp\/v2\/categories?post=5063"},{"taxonomy":"post_tag","embeddable":true,"href":"https:\/\/fghsaude.org.br\/home\/wp-json\/wp\/v2\/tags?post=5063"}],"curies":[{"name":"wp","href":"https:\/\/api.w.org\/{rel}","templated":true}]}}