{"id":3910,"date":"2024-09-30T10:50:50","date_gmt":"2024-09-30T13:50:50","guid":{"rendered":"https:\/\/fghsaude.org.br\/home\/?p=3910"},"modified":"2024-09-30T10:50:51","modified_gmt":"2024-09-30T13:50:51","slug":"upa-e-ibura-promove-dia-de-bem-estar-para-maes-atipicas","status":"publish","type":"post","link":"https:\/\/fghsaude.org.br\/home\/upa-e-ibura-promove-dia-de-bem-estar-para-maes-atipicas\/","title":{"rendered":"UPA-E Ibura promove dia de bem-estar para m\u00e3es at\u00edpicas"},"content":{"rendered":"\n<p><em><strong>30 de Setembro de 2024 &#8211; <\/strong><\/em>Para encerrar a programa\u00e7\u00e3o do Setembro Amarelo, m\u00eas de preven\u00e7\u00e3o ao suic\u00eddio, a Unidade P\u00fablica de Aten\u00e7\u00e3o Especializada Professor Fernando Figueira (UPAE), no bairro do Ibura, promoveu na manh\u00e3 desta quinta-feira (26) de bem-estar para as m\u00e3es at\u00edpicas do Grupo de Apoio Andorinhas, que \u00e9 formado por pais e familiares das crian\u00e7as e adolescentes com necessidade de assist\u00eancia especializada em reabilita\u00e7\u00e3o intelectual atendidas no Centro TEA &#8211; N\u00facleo de Desenvolvimento Integral (NDI) localizado na UPAE.<\/p>\n\n\n\n<div style=\"height:30px\" aria-hidden=\"true\" class=\"wp-block-spacer\"><\/div>\n\n\n\n<p>Na programa\u00e7\u00e3o, as integrantes contaram com um aul\u00e3o de zumba, realizado em parceria com o Compaz Paulo Freire. J\u00e1 as pr\u00e1ticas integrativas contaram com sess\u00f5es de massoterapia, ventosaterapia e quiropraxia guiadas pelos profissionais da unidade.<\/p>\n\n\n\n<div style=\"height:30px\" aria-hidden=\"true\" class=\"wp-block-spacer\"><\/div>\n\n\n\n<p>Val\u00e9ria Aline \u00e9 integrante do grupo e reconhece a import\u00e2ncia do Andorinhas como um apoio emocional nesse acolhimento de familiares e cuidadores at\u00edpicos do NDI-Ibura. \u201cEsses momentos nos traz para outra realidade, mostrando que al\u00e9m de ser m\u00e3e at\u00edpica, n\u00f3s somos m\u00e3es, n\u00f3s somos mulheres. Ent\u00e3o \u00e9 o momento de pensar um pouco na gente. \u00c9 muito significativo para n\u00f3s\u201d, relata.<\/p>\n\n\n\n<blockquote class=\"instagram-media\" data-instgrm-permalink=\"https:\/\/www.instagram.com\/reel\/DAZIGpzxgiS\/?utm_source=ig_embed&amp;utm_campaign=loading\" data-instgrm-version=\"14\" style=\" background:#FFF; border:0; border-radius:3px; box-shadow:0 0 1px 0 rgba(0,0,0,0.5),0 1px 10px 0 rgba(0,0,0,0.15); margin: 1px; max-width:540px; min-width:326px; padding:0; width:99.375%; width:-webkit-calc(100% - 2px); width:calc(100% - 2px);\"><div style=\"padding:16px;\"> <a href=\"https:\/\/www.instagram.com\/reel\/DAZIGpzxgiS\/?utm_source=ig_embed&amp;utm_campaign=loading\" style=\" background:#FFFFFF; line-height:0; padding:0 0; text-align:center; text-decoration:none; width:100%;\" target=\"_blank\" rel=\"noopener\"> <div style=\" display: flex; flex-direction: row; align-items: center;\"> <div style=\"background-color: #F4F4F4; border-radius: 50%; flex-grow: 0; height: 40px; margin-right: 14px; width: 40px;\"><\/div> <div style=\"display: flex; flex-direction: column; flex-grow: 1; justify-content: center;\"> <div style=\" background-color: #F4F4F4; border-radius: 4px; flex-grow: 0; height: 14px; margin-bottom: 6px; width: 100px;\"><\/div> <div style=\" background-color: #F4F4F4; border-radius: 4px; flex-grow: 0; height: 14px; width: 60px;\"><\/div><\/div><\/div><div style=\"padding: 19% 0;\"><\/div> <div style=\"display:block; height:50px; margin:0 auto 12px; width:50px;\"><svg width=\"50px\" height=\"50px\" viewBox=\"0 0 60 60\" version=\"1.1\" xmlns=\"https:\/\/www.w3.org\/2000\/svg\" xmlns:xlink=\"https:\/\/www.w3.org\/1999\/xlink\"><g stroke=\"none\" stroke-width=\"1\" fill=\"none\" fill-rule=\"evenodd\"><g transform=\"translate(-511.000000, -20.000000)\" fill=\"#000000\"><g><path d=\"M556.869,30.41 C554.814,30.41 553.148,32.076 553.148,34.131 C553.148,36.186 554.814,37.852 556.869,37.852 C558.924,37.852 560.59,36.186 560.59,34.131 C560.59,32.076 558.924,30.41 556.869,30.41 M541,60.657 C535.114,60.657 530.342,55.887 530.342,50 C530.342,44.114 535.114,39.342 541,39.342 C546.887,39.342 551.658,44.114 551.658,50 C551.658,55.887 546.887,60.657 541,60.657 M541,33.886 C532.1,33.886 524.886,41.1 524.886,50 C524.886,58.899 532.1,66.113 541,66.113 C549.9,66.113 557.115,58.899 557.115,50 C557.115,41.1 549.9,33.886 541,33.886 M565.378,62.101 C565.244,65.022 564.756,66.606 564.346,67.663 C563.803,69.06 563.154,70.057 562.106,71.106 C561.058,72.155 560.06,72.803 558.662,73.347 C557.607,73.757 556.021,74.244 553.102,74.378 C549.944,74.521 548.997,74.552 541,74.552 C533.003,74.552 532.056,74.521 528.898,74.378 C525.979,74.244 524.393,73.757 523.338,73.347 C521.94,72.803 520.942,72.155 519.894,71.106 C518.846,70.057 518.197,69.06 517.654,67.663 C517.244,66.606 516.755,65.022 516.623,62.101 C516.479,58.943 516.448,57.996 516.448,50 C516.448,42.003 516.479,41.056 516.623,37.899 C516.755,34.978 517.244,33.391 517.654,32.338 C518.197,30.938 518.846,29.942 519.894,28.894 C520.942,27.846 521.94,27.196 523.338,26.654 C524.393,26.244 525.979,25.756 528.898,25.623 C532.057,25.479 533.004,25.448 541,25.448 C548.997,25.448 549.943,25.479 553.102,25.623 C556.021,25.756 557.607,26.244 558.662,26.654 C560.06,27.196 561.058,27.846 562.106,28.894 C563.154,29.942 563.803,30.938 564.346,32.338 C564.756,33.391 565.244,34.978 565.378,37.899 C565.522,41.056 565.552,42.003 565.552,50 C565.552,57.996 565.522,58.943 565.378,62.101 M570.82,37.631 C570.674,34.438 570.167,32.258 569.425,30.349 C568.659,28.377 567.633,26.702 565.965,25.035 C564.297,23.368 562.623,22.342 560.652,21.575 C558.743,20.834 556.562,20.326 553.369,20.18 C550.169,20.033 549.148,20 541,20 C532.853,20 531.831,20.033 528.631,20.18 C525.438,20.326 523.257,20.834 521.349,21.575 C519.376,22.342 517.703,23.368 516.035,25.035 C514.368,26.702 513.342,28.377 512.574,30.349 C511.834,32.258 511.326,34.438 511.181,37.631 C511.035,40.831 511,41.851 511,50 C511,58.147 511.035,59.17 511.181,62.369 C511.326,65.562 511.834,67.743 512.574,69.651 C513.342,71.625 514.368,73.296 516.035,74.965 C517.703,76.634 519.376,77.658 521.349,78.425 C523.257,79.167 525.438,79.673 528.631,79.82 C531.831,79.965 532.853,80.001 541,80.001 C549.148,80.001 550.169,79.965 553.369,79.82 C556.562,79.673 558.743,79.167 560.652,78.425 C562.623,77.658 564.297,76.634 565.965,74.965 C567.633,73.296 568.659,71.625 569.425,69.651 C570.167,67.743 570.674,65.562 570.82,62.369 C570.966,59.17 571,58.147 571,50 C571,41.851 570.966,40.831 570.82,37.631\"><\/path><\/g><\/g><\/g><\/svg><\/div><div style=\"padding-top: 8px;\"> <div style=\" color:#3897f0; font-family:Arial,sans-serif; font-size:14px; font-style:normal; font-weight:550; line-height:18px;\">Ver essa foto no Instagram<\/div><\/div><div style=\"padding: 12.5% 0;\"><\/div> <div style=\"display: flex; flex-direction: row; margin-bottom: 14px; align-items: center;\"><div> <div style=\"background-color: #F4F4F4; border-radius: 50%; height: 12.5px; width: 12.5px; transform: translateX(0px) translateY(7px);\"><\/div> <div style=\"background-color: #F4F4F4; height: 12.5px; transform: rotate(-45deg) translateX(3px) translateY(1px); width: 12.5px; flex-grow: 0; margin-right: 14px; margin-left: 2px;\"><\/div> <div style=\"background-color: #F4F4F4; border-radius: 50%; height: 12.5px; width: 12.5px; transform: translateX(9px) translateY(-18px);\"><\/div><\/div><div style=\"margin-left: 8px;\"> <div style=\" background-color: #F4F4F4; border-radius: 50%; flex-grow: 0; height: 20px; width: 20px;\"><\/div> <div style=\" width: 0; height: 0; border-top: 2px solid transparent; border-left: 6px solid #f4f4f4; border-bottom: 2px solid transparent; transform: translateX(16px) translateY(-4px) rotate(30deg)\"><\/div><\/div><div style=\"margin-left: auto;\"> <div style=\" width: 0px; border-top: 8px solid #F4F4F4; border-right: 8px solid transparent; transform: translateY(16px);\"><\/div> <div style=\" background-color: #F4F4F4; flex-grow: 0; height: 12px; width: 16px; transform: translateY(-4px);\"><\/div> <div style=\" width: 0; height: 0; border-top: 8px solid #F4F4F4; border-left: 8px solid transparent; transform: translateY(-4px) translateX(8px);\"><\/div><\/div><\/div> <div style=\"display: flex; flex-direction: column; flex-grow: 1; justify-content: center; margin-bottom: 24px;\"> <div style=\" background-color: #F4F4F4; border-radius: 4px; flex-grow: 0; height: 14px; margin-bottom: 6px; width: 224px;\"><\/div> <div style=\" background-color: #F4F4F4; border-radius: 4px; flex-grow: 0; height: 14px; width: 144px;\"><\/div><\/div><\/a><p style=\" color:#c9c8cd; font-family:Arial,sans-serif; font-size:14px; line-height:17px; margin-bottom:0; margin-top:8px; overflow:hidden; padding:8px 0 7px; text-align:center; text-overflow:ellipsis; white-space:nowrap;\"><a href=\"https:\/\/www.instagram.com\/reel\/DAZIGpzxgiS\/?utm_source=ig_embed&amp;utm_campaign=loading\" style=\" color:#c9c8cd; font-family:Arial,sans-serif; font-size:14px; font-style:normal; font-weight:normal; line-height:17px; text-decoration:none;\" target=\"_blank\" rel=\"noopener\">Uma publica\u00e7\u00e3o compartilhada por FGH Sa\u00fade (@fghsaude)<\/a><\/p><\/div><\/blockquote>\n<script async src=\"\/\/www.instagram.com\/embed.js\"><\/script>\n\n\n\n<p><strong>CENTRO TEA &#8211; N\u00daCLEO DE DESENVOLVIMENTO INTEGRAL<br><\/strong>O NDI\/Ibura foi inaugurado em abril deste ano, com capacidade para at\u00e9 tr\u00eas mil atendimento\/m\u00eas, beneficiando menores de zero a 14 anos, com transtornos como espectro autista (TEA), d\u00e9ficit de aten\u00e7\u00e3o com hiperatividade (TDAH), opositor desafiador (TOD), dentre outros.<\/p>\n\n\n\n<div style=\"height:30px\" aria-hidden=\"true\" class=\"wp-block-spacer\"><\/div>\n\n\n\n<p>O N\u00facleo possibilita a avalia\u00e7\u00e3o global a partir do diagn\u00f3stico feito atrav\u00e9s da atua\u00e7\u00e3o conjunta de profissionais de diversas \u00e1reas, o acompanhamento e as terapias necess\u00e1rias ao melhor desenvolvimento de crian\u00e7as e adolescentes.<\/p>\n\n\n\n<div style=\"height:29px\" aria-hidden=\"true\" class=\"wp-block-spacer\"><\/div>\n\n\n\n<p>O N\u00facleo conta com profissionais de Neuropediatria, Pediatria, Psiquiatria Infantil, Terapia Ocupacional, Fisioterapia, Fonoaudiologia, Psicologia, Servi\u00e7o Social, Psicopedagogia e Nutri\u00e7\u00e3o. O servi\u00e7o ainda possibilita exames de Eletroencefalograma (EEG), e disp\u00f5e, ainda, em sua estrutura, de um jardim sensorial, gin\u00e1sio de reabilita\u00e7\u00e3o, sala de terapia em grupo, sala de integra\u00e7\u00e3o sensorial e brinquedoteca. Para ter acesso aos servi\u00e7os, os pacientes precisam ser encaminhados pelas unidades da aten\u00e7\u00e3o b\u00e1sica, que s\u00e3o os postos de sa\u00fade da fam\u00edlia de refer\u00eancia do territ\u00f3rio, via Central de Regula\u00e7\u00e3o do Recife.<\/p>\n","protected":false},"excerpt":{"rendered":"<p>Evento teve aul\u00e3o de zumba e sess\u00f5es de pr\u00e1ticas integrativas<\/p>\n","protected":false},"author":6,"featured_media":0,"comment_status":"open","ping_status":"open","sticky":false,"template":"","format":"standard","meta":{"footnotes":""},"categories":[3],"tags":[],"class_list":["post-3910","post","type-post","status-publish","format-standard","hentry","category-noticia"],"yoast_head":"<!-- This site is optimized with the Yoast SEO plugin v27.5 - https:\/\/yoast.com\/product\/yoast-seo-wordpress\/ -->\n<title>UPA-E Ibura promove dia de bem-estar para m\u00e3es at\u00edpicas - FGH \/ Funda&ccedil;&atilde;o Gest&atilde;o Hospitalar Martiniano Fernandes<\/title>\n<meta name=\"robots\" content=\"index, follow, max-snippet:-1, max-image-preview:large, max-video-preview:-1\" \/>\n<link rel=\"canonical\" href=\"https:\/\/fghsaude.org.br\/home\/upa-e-ibura-promove-dia-de-bem-estar-para-maes-atipicas\/\" \/>\n<meta property=\"og:locale\" content=\"pt_BR\" \/>\n<meta property=\"og:type\" content=\"article\" \/>\n<meta property=\"og:title\" content=\"UPA-E Ibura promove dia de bem-estar para m\u00e3es at\u00edpicas - FGH \/ Funda&ccedil;&atilde;o Gest&atilde;o Hospitalar Martiniano Fernandes\" \/>\n<meta property=\"og:description\" content=\"Evento teve aul\u00e3o de zumba e sess\u00f5es de pr\u00e1ticas integrativas\" \/>\n<meta property=\"og:url\" content=\"https:\/\/fghsaude.org.br\/home\/upa-e-ibura-promove-dia-de-bem-estar-para-maes-atipicas\/\" \/>\n<meta property=\"og:site_name\" content=\"FGH \/ Funda&ccedil;&atilde;o Gest&atilde;o Hospitalar Martiniano Fernandes\" \/>\n<meta property=\"article:published_time\" content=\"2024-09-30T13:50:50+00:00\" \/>\n<meta property=\"article:modified_time\" content=\"2024-09-30T13:50:51+00:00\" \/>\n<meta name=\"author\" content=\"Isis lima\" \/>\n<meta name=\"twitter:card\" content=\"summary_large_image\" \/>\n<meta name=\"twitter:label1\" content=\"Escrito por\" \/>\n\t<meta name=\"twitter:data1\" content=\"Isis lima\" \/>\n\t<meta name=\"twitter:label2\" content=\"Est. tempo de leitura\" \/>\n\t<meta name=\"twitter:data2\" content=\"2 minutos\" \/>\n<script type=\"application\/ld+json\" class=\"yoast-schema-graph\">{\"@context\":\"https:\\\/\\\/schema.org\",\"@graph\":[{\"@type\":\"Article\",\"@id\":\"https:\\\/\\\/fghsaude.org.br\\\/home\\\/upa-e-ibura-promove-dia-de-bem-estar-para-maes-atipicas\\\/#article\",\"isPartOf\":{\"@id\":\"https:\\\/\\\/fghsaude.org.br\\\/home\\\/upa-e-ibura-promove-dia-de-bem-estar-para-maes-atipicas\\\/\"},\"author\":{\"name\":\"Isis lima\",\"@id\":\"https:\\\/\\\/fghsaude.org.br\\\/home\\\/#\\\/schema\\\/person\\\/575b203cbe04278988ea9d801e5033ae\"},\"headline\":\"UPA-E Ibura promove dia de bem-estar para m\u00e3es at\u00edpicas\",\"datePublished\":\"2024-09-30T13:50:50+00:00\",\"dateModified\":\"2024-09-30T13:50:51+00:00\",\"mainEntityOfPage\":{\"@id\":\"https:\\\/\\\/fghsaude.org.br\\\/home\\\/upa-e-ibura-promove-dia-de-bem-estar-para-maes-atipicas\\\/\"},\"wordCount\":416,\"commentCount\":0,\"publisher\":{\"@id\":\"https:\\\/\\\/fghsaude.org.br\\\/home\\\/#organization\"},\"articleSection\":[\"Not\u00edcias\"],\"inLanguage\":\"pt-BR\",\"potentialAction\":[{\"@type\":\"CommentAction\",\"name\":\"Comment\",\"target\":[\"https:\\\/\\\/fghsaude.org.br\\\/home\\\/upa-e-ibura-promove-dia-de-bem-estar-para-maes-atipicas\\\/#respond\"]}]},{\"@type\":\"WebPage\",\"@id\":\"https:\\\/\\\/fghsaude.org.br\\\/home\\\/upa-e-ibura-promove-dia-de-bem-estar-para-maes-atipicas\\\/\",\"url\":\"https:\\\/\\\/fghsaude.org.br\\\/home\\\/upa-e-ibura-promove-dia-de-bem-estar-para-maes-atipicas\\\/\",\"name\":\"UPA-E Ibura promove dia de bem-estar para m\u00e3es at\u00edpicas - FGH \\\/ Funda&ccedil;&atilde;o Gest&atilde;o Hospitalar Martiniano Fernandes\",\"isPartOf\":{\"@id\":\"https:\\\/\\\/fghsaude.org.br\\\/home\\\/#website\"},\"datePublished\":\"2024-09-30T13:50:50+00:00\",\"dateModified\":\"2024-09-30T13:50:51+00:00\",\"breadcrumb\":{\"@id\":\"https:\\\/\\\/fghsaude.org.br\\\/home\\\/upa-e-ibura-promove-dia-de-bem-estar-para-maes-atipicas\\\/#breadcrumb\"},\"inLanguage\":\"pt-BR\",\"potentialAction\":[{\"@type\":\"ReadAction\",\"target\":[\"https:\\\/\\\/fghsaude.org.br\\\/home\\\/upa-e-ibura-promove-dia-de-bem-estar-para-maes-atipicas\\\/\"]}]},{\"@type\":\"BreadcrumbList\",\"@id\":\"https:\\\/\\\/fghsaude.org.br\\\/home\\\/upa-e-ibura-promove-dia-de-bem-estar-para-maes-atipicas\\\/#breadcrumb\",\"itemListElement\":[{\"@type\":\"ListItem\",\"position\":1,\"name\":\"In\u00edcio\",\"item\":\"https:\\\/\\\/fghsaude.org.br\\\/home\\\/\"},{\"@type\":\"ListItem\",\"position\":2,\"name\":\"UPA-E Ibura promove dia de bem-estar para m\u00e3es at\u00edpicas\"}]},{\"@type\":\"WebSite\",\"@id\":\"https:\\\/\\\/fghsaude.org.br\\\/home\\\/#website\",\"url\":\"https:\\\/\\\/fghsaude.org.br\\\/home\\\/\",\"name\":\"FGH \\\/ Funda&ccedil;&atilde;o Gest&atilde;o Hospitalar Martiniano Fernandes\",\"description\":\"Site da Funda&ccedil;&atilde;o Gest&atilde;o Hospitalar Martiniano Fernandes\",\"publisher\":{\"@id\":\"https:\\\/\\\/fghsaude.org.br\\\/home\\\/#organization\"},\"potentialAction\":[{\"@type\":\"SearchAction\",\"target\":{\"@type\":\"EntryPoint\",\"urlTemplate\":\"https:\\\/\\\/fghsaude.org.br\\\/home\\\/?s={search_term_string}\"},\"query-input\":{\"@type\":\"PropertyValueSpecification\",\"valueRequired\":true,\"valueName\":\"search_term_string\"}}],\"inLanguage\":\"pt-BR\"},{\"@type\":\"Organization\",\"@id\":\"https:\\\/\\\/fghsaude.org.br\\\/home\\\/#organization\",\"name\":\"FGH \\\/ Funda&ccedil;&atilde;o Gest&atilde;o Hospitalar Martiniano Fernandes\",\"url\":\"https:\\\/\\\/fghsaude.org.br\\\/home\\\/\",\"logo\":{\"@type\":\"ImageObject\",\"inLanguage\":\"pt-BR\",\"@id\":\"https:\\\/\\\/fghsaude.org.br\\\/home\\\/#\\\/schema\\\/logo\\\/image\\\/\",\"url\":\"https:\\\/\\\/fghsaude.org.br\\\/home\\\/wp-content\\\/uploads\\\/2022\\\/11\\\/logotipo.png\",\"contentUrl\":\"https:\\\/\\\/fghsaude.org.br\\\/home\\\/wp-content\\\/uploads\\\/2022\\\/11\\\/logotipo.png\",\"width\":182,\"height\":47,\"caption\":\"FGH \\\/ Funda&ccedil;&atilde;o Gest&atilde;o Hospitalar Martiniano Fernandes\"},\"image\":{\"@id\":\"https:\\\/\\\/fghsaude.org.br\\\/home\\\/#\\\/schema\\\/logo\\\/image\\\/\"},\"sameAs\":[\"https:\\\/\\\/www.instagram.com\\\/fghsaude\\\/\"]},{\"@type\":\"Person\",\"@id\":\"https:\\\/\\\/fghsaude.org.br\\\/home\\\/#\\\/schema\\\/person\\\/575b203cbe04278988ea9d801e5033ae\",\"name\":\"Isis lima\",\"image\":{\"@type\":\"ImageObject\",\"inLanguage\":\"pt-BR\",\"@id\":\"https:\\\/\\\/secure.gravatar.com\\\/avatar\\\/4a4fb55f22627276365ebebfaf550f7681c43c32e0bcedab87bdeb6a0dfceaad?s=96&d=mm&r=g\",\"url\":\"https:\\\/\\\/secure.gravatar.com\\\/avatar\\\/4a4fb55f22627276365ebebfaf550f7681c43c32e0bcedab87bdeb6a0dfceaad?s=96&d=mm&r=g\",\"contentUrl\":\"https:\\\/\\\/secure.gravatar.com\\\/avatar\\\/4a4fb55f22627276365ebebfaf550f7681c43c32e0bcedab87bdeb6a0dfceaad?s=96&d=mm&r=g\",\"caption\":\"Isis lima\"},\"url\":\"https:\\\/\\\/fghsaude.org.br\\\/home\\\/author\\\/isis-lima\\\/\"}]}<\/script>\n<!-- \/ Yoast SEO plugin. -->","yoast_head_json":{"title":"UPA-E Ibura promove dia de bem-estar para m\u00e3es at\u00edpicas - FGH \/ Funda&ccedil;&atilde;o Gest&atilde;o Hospitalar Martiniano Fernandes","robots":{"index":"index","follow":"follow","max-snippet":"max-snippet:-1","max-image-preview":"max-image-preview:large","max-video-preview":"max-video-preview:-1"},"canonical":"https:\/\/fghsaude.org.br\/home\/upa-e-ibura-promove-dia-de-bem-estar-para-maes-atipicas\/","og_locale":"pt_BR","og_type":"article","og_title":"UPA-E Ibura promove dia de bem-estar para m\u00e3es at\u00edpicas - FGH \/ Funda&ccedil;&atilde;o Gest&atilde;o Hospitalar Martiniano Fernandes","og_description":"Evento teve aul\u00e3o de zumba e sess\u00f5es de pr\u00e1ticas integrativas","og_url":"https:\/\/fghsaude.org.br\/home\/upa-e-ibura-promove-dia-de-bem-estar-para-maes-atipicas\/","og_site_name":"FGH \/ Funda&ccedil;&atilde;o Gest&atilde;o Hospitalar Martiniano Fernandes","article_published_time":"2024-09-30T13:50:50+00:00","article_modified_time":"2024-09-30T13:50:51+00:00","author":"Isis lima","twitter_card":"summary_large_image","twitter_misc":{"Escrito por":"Isis lima","Est. tempo de leitura":"2 minutos"},"schema":{"@context":"https:\/\/schema.org","@graph":[{"@type":"Article","@id":"https:\/\/fghsaude.org.br\/home\/upa-e-ibura-promove-dia-de-bem-estar-para-maes-atipicas\/#article","isPartOf":{"@id":"https:\/\/fghsaude.org.br\/home\/upa-e-ibura-promove-dia-de-bem-estar-para-maes-atipicas\/"},"author":{"name":"Isis lima","@id":"https:\/\/fghsaude.org.br\/home\/#\/schema\/person\/575b203cbe04278988ea9d801e5033ae"},"headline":"UPA-E Ibura promove dia de bem-estar para m\u00e3es at\u00edpicas","datePublished":"2024-09-30T13:50:50+00:00","dateModified":"2024-09-30T13:50:51+00:00","mainEntityOfPage":{"@id":"https:\/\/fghsaude.org.br\/home\/upa-e-ibura-promove-dia-de-bem-estar-para-maes-atipicas\/"},"wordCount":416,"commentCount":0,"publisher":{"@id":"https:\/\/fghsaude.org.br\/home\/#organization"},"articleSection":["Not\u00edcias"],"inLanguage":"pt-BR","potentialAction":[{"@type":"CommentAction","name":"Comment","target":["https:\/\/fghsaude.org.br\/home\/upa-e-ibura-promove-dia-de-bem-estar-para-maes-atipicas\/#respond"]}]},{"@type":"WebPage","@id":"https:\/\/fghsaude.org.br\/home\/upa-e-ibura-promove-dia-de-bem-estar-para-maes-atipicas\/","url":"https:\/\/fghsaude.org.br\/home\/upa-e-ibura-promove-dia-de-bem-estar-para-maes-atipicas\/","name":"UPA-E Ibura promove dia de bem-estar para m\u00e3es at\u00edpicas - FGH \/ Funda&ccedil;&atilde;o Gest&atilde;o Hospitalar Martiniano Fernandes","isPartOf":{"@id":"https:\/\/fghsaude.org.br\/home\/#website"},"datePublished":"2024-09-30T13:50:50+00:00","dateModified":"2024-09-30T13:50:51+00:00","breadcrumb":{"@id":"https:\/\/fghsaude.org.br\/home\/upa-e-ibura-promove-dia-de-bem-estar-para-maes-atipicas\/#breadcrumb"},"inLanguage":"pt-BR","potentialAction":[{"@type":"ReadAction","target":["https:\/\/fghsaude.org.br\/home\/upa-e-ibura-promove-dia-de-bem-estar-para-maes-atipicas\/"]}]},{"@type":"BreadcrumbList","@id":"https:\/\/fghsaude.org.br\/home\/upa-e-ibura-promove-dia-de-bem-estar-para-maes-atipicas\/#breadcrumb","itemListElement":[{"@type":"ListItem","position":1,"name":"In\u00edcio","item":"https:\/\/fghsaude.org.br\/home\/"},{"@type":"ListItem","position":2,"name":"UPA-E Ibura promove dia de bem-estar para m\u00e3es at\u00edpicas"}]},{"@type":"WebSite","@id":"https:\/\/fghsaude.org.br\/home\/#website","url":"https:\/\/fghsaude.org.br\/home\/","name":"FGH \/ Funda&ccedil;&atilde;o Gest&atilde;o Hospitalar Martiniano Fernandes","description":"Site da Funda&ccedil;&atilde;o Gest&atilde;o Hospitalar Martiniano Fernandes","publisher":{"@id":"https:\/\/fghsaude.org.br\/home\/#organization"},"potentialAction":[{"@type":"SearchAction","target":{"@type":"EntryPoint","urlTemplate":"https:\/\/fghsaude.org.br\/home\/?s={search_term_string}"},"query-input":{"@type":"PropertyValueSpecification","valueRequired":true,"valueName":"search_term_string"}}],"inLanguage":"pt-BR"},{"@type":"Organization","@id":"https:\/\/fghsaude.org.br\/home\/#organization","name":"FGH \/ Funda&ccedil;&atilde;o Gest&atilde;o Hospitalar Martiniano Fernandes","url":"https:\/\/fghsaude.org.br\/home\/","logo":{"@type":"ImageObject","inLanguage":"pt-BR","@id":"https:\/\/fghsaude.org.br\/home\/#\/schema\/logo\/image\/","url":"https:\/\/fghsaude.org.br\/home\/wp-content\/uploads\/2022\/11\/logotipo.png","contentUrl":"https:\/\/fghsaude.org.br\/home\/wp-content\/uploads\/2022\/11\/logotipo.png","width":182,"height":47,"caption":"FGH \/ Funda&ccedil;&atilde;o Gest&atilde;o Hospitalar Martiniano Fernandes"},"image":{"@id":"https:\/\/fghsaude.org.br\/home\/#\/schema\/logo\/image\/"},"sameAs":["https:\/\/www.instagram.com\/fghsaude\/"]},{"@type":"Person","@id":"https:\/\/fghsaude.org.br\/home\/#\/schema\/person\/575b203cbe04278988ea9d801e5033ae","name":"Isis lima","image":{"@type":"ImageObject","inLanguage":"pt-BR","@id":"https:\/\/secure.gravatar.com\/avatar\/4a4fb55f22627276365ebebfaf550f7681c43c32e0bcedab87bdeb6a0dfceaad?s=96&d=mm&r=g","url":"https:\/\/secure.gravatar.com\/avatar\/4a4fb55f22627276365ebebfaf550f7681c43c32e0bcedab87bdeb6a0dfceaad?s=96&d=mm&r=g","contentUrl":"https:\/\/secure.gravatar.com\/avatar\/4a4fb55f22627276365ebebfaf550f7681c43c32e0bcedab87bdeb6a0dfceaad?s=96&d=mm&r=g","caption":"Isis lima"},"url":"https:\/\/fghsaude.org.br\/home\/author\/isis-lima\/"}]}},"_links":{"self":[{"href":"https:\/\/fghsaude.org.br\/home\/wp-json\/wp\/v2\/posts\/3910","targetHints":{"allow":["GET"]}}],"collection":[{"href":"https:\/\/fghsaude.org.br\/home\/wp-json\/wp\/v2\/posts"}],"about":[{"href":"https:\/\/fghsaude.org.br\/home\/wp-json\/wp\/v2\/types\/post"}],"author":[{"embeddable":true,"href":"https:\/\/fghsaude.org.br\/home\/wp-json\/wp\/v2\/users\/6"}],"replies":[{"embeddable":true,"href":"https:\/\/fghsaude.org.br\/home\/wp-json\/wp\/v2\/comments?post=3910"}],"version-history":[{"count":2,"href":"https:\/\/fghsaude.org.br\/home\/wp-json\/wp\/v2\/posts\/3910\/revisions"}],"predecessor-version":[{"id":3914,"href":"https:\/\/fghsaude.org.br\/home\/wp-json\/wp\/v2\/posts\/3910\/revisions\/3914"}],"wp:attachment":[{"href":"https:\/\/fghsaude.org.br\/home\/wp-json\/wp\/v2\/media?parent=3910"}],"wp:term":[{"taxonomy":"category","embeddable":true,"href":"https:\/\/fghsaude.org.br\/home\/wp-json\/wp\/v2\/categories?post=3910"},{"taxonomy":"post_tag","embeddable":true,"href":"https:\/\/fghsaude.org.br\/home\/wp-json\/wp\/v2\/tags?post=3910"}],"curies":[{"name":"wp","href":"https:\/\/api.w.org\/{rel}","templated":true}]}}