{"id":3891,"date":"2024-09-27T09:29:40","date_gmt":"2024-09-27T12:29:40","guid":{"rendered":"https:\/\/fghsaude.org.br\/home\/?p=3891"},"modified":"2024-09-30T10:25:14","modified_gmt":"2024-09-30T13:25:14","slug":"hps-mobilizado-nas-cores-do-mes-de-setembro","status":"publish","type":"post","link":"https:\/\/fghsaude.org.br\/home\/hps-mobilizado-nas-cores-do-mes-de-setembro\/","title":{"rendered":"HPS mobilizado nas cores do m\u00eas de setembro"},"content":{"rendered":"\n<p><em><strong>27 de Setembro de 2024 &#8211; <\/strong><\/em>Neste m\u00eas de setembro, as equipes do Hospital Pel\u00f3pidas Silveira (HPS) estiveram envolvidas em a\u00e7\u00f5es relacionadas \u00e0 sa\u00fade mental, seguran\u00e7a do paciente e incentivo \u00e0 doa\u00e7\u00e3o de \u00f3rg\u00e3os. Palestras e atividades recreativas e motivacionais envolveram os trabalhadores, pacientes e acompanhantes e ser\u00e3o finalizadas apenas na pr\u00f3xima segunda-feira (30\/9).<\/p>\n\n\n\n<div style=\"height:30px\" aria-hidden=\"true\" class=\"wp-block-spacer\"><\/div>\n\n\n\n<p><strong>Setembro Amarelo:<\/strong>&nbsp;As atividades relacionadas \u00e0 sa\u00fade mental tiveram foco, principalmente, nos trabalhadores do HPS. Sorteio de massagem, gin\u00e1stica laboral, jantar especial para os plant\u00f5es noturnos, al\u00e9m de palestras sobre sa\u00fade mental positiva e no ambiente de trabalho, foram realizados ao longo do m\u00eas. Na \u00faltima quarta (25\/9), um grupo percorreu o hospital distribuindo o la\u00e7o amarelo alusivo \u00e0 campanha, entregando mensagens motivacionais e recebendo do p\u00fablico mensagens de apoio \u00e0 vida. Na pr\u00f3xima segunda (30\/9), ainda ser\u00e1 realizado um caf\u00e9 da manh\u00e3 para fechar a programa\u00e7\u00e3o do m\u00eas.<\/p>\n\n\n\n<div style=\"height:30px\" aria-hidden=\"true\" class=\"wp-block-spacer\"><\/div>\n\n\n\n<p><strong>Setembro Verde:<\/strong>&nbsp;Para conscientizar sobre a import\u00e2ncia da doa\u00e7\u00e3o de \u00f3rg\u00e3os, foram entregues folhetos e o la\u00e7o verde para a comunidade hospitalar. Na \u00faltima ter\u00e7a (24\/9), ainda foram realizadas palestras com a Cihdott da unidade, Central de Transplantes de Pernambuco (CT-PE) e Banco de Olhos. O momento ainda recebeu depoimentos de uma funcion\u00e1ria do HPS que tem o pai transplantado de rim e de uma fam\u00edlia que doou os \u00f3rg\u00e3os do seu ente querido no hospital.<\/p>\n\n\n\n<div style=\"height:30px\" aria-hidden=\"true\" class=\"wp-block-spacer\"><\/div>\n\n\n\n<p><strong>Setembro Laranja:<\/strong>\u00a0Al\u00e9m de participar dos F\u00f3runs Estadual e da FGH, com foco na seguran\u00e7a do paciente, foram realizadas atividades l\u00fadicas no hospital para relembrar a\u00e7\u00f5es que fomentam a cultura de uma assist\u00eancia cada vez mais segura. <\/p>\n","protected":false},"excerpt":{"rendered":"<p>As atividades envolveram os trabalhadores, pacientes e acompanhantes <\/p>\n","protected":false},"author":6,"featured_media":0,"comment_status":"open","ping_status":"open","sticky":false,"template":"","format":"standard","meta":{"footnotes":""},"categories":[3],"tags":[],"class_list":["post-3891","post","type-post","status-publish","format-standard","hentry","category-noticia"],"yoast_head":"<!-- This site is optimized with the Yoast SEO plugin v27.5 - https:\/\/yoast.com\/product\/yoast-seo-wordpress\/ -->\n<title>HPS mobilizado nas cores do m\u00eas de setembro - FGH \/ Funda&ccedil;&atilde;o Gest&atilde;o Hospitalar Martiniano Fernandes<\/title>\n<meta name=\"robots\" content=\"index, follow, max-snippet:-1, max-image-preview:large, max-video-preview:-1\" \/>\n<link rel=\"canonical\" href=\"https:\/\/fghsaude.org.br\/home\/hps-mobilizado-nas-cores-do-mes-de-setembro\/\" \/>\n<meta property=\"og:locale\" content=\"pt_BR\" \/>\n<meta property=\"og:type\" content=\"article\" \/>\n<meta property=\"og:title\" content=\"HPS mobilizado nas cores do m\u00eas de setembro - FGH \/ Funda&ccedil;&atilde;o Gest&atilde;o Hospitalar Martiniano Fernandes\" \/>\n<meta property=\"og:description\" content=\"As atividades envolveram os trabalhadores, pacientes e acompanhantes\" \/>\n<meta property=\"og:url\" content=\"https:\/\/fghsaude.org.br\/home\/hps-mobilizado-nas-cores-do-mes-de-setembro\/\" \/>\n<meta property=\"og:site_name\" content=\"FGH \/ Funda&ccedil;&atilde;o Gest&atilde;o Hospitalar Martiniano Fernandes\" \/>\n<meta property=\"article:published_time\" content=\"2024-09-27T12:29:40+00:00\" \/>\n<meta property=\"article:modified_time\" content=\"2024-09-30T13:25:14+00:00\" \/>\n<meta name=\"author\" content=\"Isis lima\" \/>\n<meta name=\"twitter:card\" content=\"summary_large_image\" \/>\n<meta name=\"twitter:label1\" content=\"Escrito por\" \/>\n\t<meta name=\"twitter:data1\" content=\"Isis lima\" \/>\n\t<meta name=\"twitter:label2\" content=\"Est. tempo de leitura\" \/>\n\t<meta name=\"twitter:data2\" content=\"2 minutos\" \/>\n<script type=\"application\/ld+json\" class=\"yoast-schema-graph\">{\"@context\":\"https:\\\/\\\/schema.org\",\"@graph\":[{\"@type\":\"Article\",\"@id\":\"https:\\\/\\\/fghsaude.org.br\\\/home\\\/hps-mobilizado-nas-cores-do-mes-de-setembro\\\/#article\",\"isPartOf\":{\"@id\":\"https:\\\/\\\/fghsaude.org.br\\\/home\\\/hps-mobilizado-nas-cores-do-mes-de-setembro\\\/\"},\"author\":{\"name\":\"Isis lima\",\"@id\":\"https:\\\/\\\/fghsaude.org.br\\\/home\\\/#\\\/schema\\\/person\\\/575b203cbe04278988ea9d801e5033ae\"},\"headline\":\"HPS mobilizado nas cores do m\u00eas de setembro\",\"datePublished\":\"2024-09-27T12:29:40+00:00\",\"dateModified\":\"2024-09-30T13:25:14+00:00\",\"mainEntityOfPage\":{\"@id\":\"https:\\\/\\\/fghsaude.org.br\\\/home\\\/hps-mobilizado-nas-cores-do-mes-de-setembro\\\/\"},\"wordCount\":290,\"commentCount\":0,\"publisher\":{\"@id\":\"https:\\\/\\\/fghsaude.org.br\\\/home\\\/#organization\"},\"articleSection\":[\"Not\u00edcias\"],\"inLanguage\":\"pt-BR\",\"potentialAction\":[{\"@type\":\"CommentAction\",\"name\":\"Comment\",\"target\":[\"https:\\\/\\\/fghsaude.org.br\\\/home\\\/hps-mobilizado-nas-cores-do-mes-de-setembro\\\/#respond\"]}]},{\"@type\":\"WebPage\",\"@id\":\"https:\\\/\\\/fghsaude.org.br\\\/home\\\/hps-mobilizado-nas-cores-do-mes-de-setembro\\\/\",\"url\":\"https:\\\/\\\/fghsaude.org.br\\\/home\\\/hps-mobilizado-nas-cores-do-mes-de-setembro\\\/\",\"name\":\"HPS mobilizado nas cores do m\u00eas de setembro - FGH \\\/ Funda&ccedil;&atilde;o Gest&atilde;o Hospitalar Martiniano Fernandes\",\"isPartOf\":{\"@id\":\"https:\\\/\\\/fghsaude.org.br\\\/home\\\/#website\"},\"datePublished\":\"2024-09-27T12:29:40+00:00\",\"dateModified\":\"2024-09-30T13:25:14+00:00\",\"breadcrumb\":{\"@id\":\"https:\\\/\\\/fghsaude.org.br\\\/home\\\/hps-mobilizado-nas-cores-do-mes-de-setembro\\\/#breadcrumb\"},\"inLanguage\":\"pt-BR\",\"potentialAction\":[{\"@type\":\"ReadAction\",\"target\":[\"https:\\\/\\\/fghsaude.org.br\\\/home\\\/hps-mobilizado-nas-cores-do-mes-de-setembro\\\/\"]}]},{\"@type\":\"BreadcrumbList\",\"@id\":\"https:\\\/\\\/fghsaude.org.br\\\/home\\\/hps-mobilizado-nas-cores-do-mes-de-setembro\\\/#breadcrumb\",\"itemListElement\":[{\"@type\":\"ListItem\",\"position\":1,\"name\":\"In\u00edcio\",\"item\":\"https:\\\/\\\/fghsaude.org.br\\\/home\\\/\"},{\"@type\":\"ListItem\",\"position\":2,\"name\":\"HPS mobilizado nas cores do m\u00eas de setembro\"}]},{\"@type\":\"WebSite\",\"@id\":\"https:\\\/\\\/fghsaude.org.br\\\/home\\\/#website\",\"url\":\"https:\\\/\\\/fghsaude.org.br\\\/home\\\/\",\"name\":\"FGH \\\/ Funda&ccedil;&atilde;o Gest&atilde;o Hospitalar Martiniano Fernandes\",\"description\":\"Site da Funda&ccedil;&atilde;o Gest&atilde;o Hospitalar Martiniano Fernandes\",\"publisher\":{\"@id\":\"https:\\\/\\\/fghsaude.org.br\\\/home\\\/#organization\"},\"potentialAction\":[{\"@type\":\"SearchAction\",\"target\":{\"@type\":\"EntryPoint\",\"urlTemplate\":\"https:\\\/\\\/fghsaude.org.br\\\/home\\\/?s={search_term_string}\"},\"query-input\":{\"@type\":\"PropertyValueSpecification\",\"valueRequired\":true,\"valueName\":\"search_term_string\"}}],\"inLanguage\":\"pt-BR\"},{\"@type\":\"Organization\",\"@id\":\"https:\\\/\\\/fghsaude.org.br\\\/home\\\/#organization\",\"name\":\"FGH \\\/ Funda&ccedil;&atilde;o Gest&atilde;o Hospitalar Martiniano Fernandes\",\"url\":\"https:\\\/\\\/fghsaude.org.br\\\/home\\\/\",\"logo\":{\"@type\":\"ImageObject\",\"inLanguage\":\"pt-BR\",\"@id\":\"https:\\\/\\\/fghsaude.org.br\\\/home\\\/#\\\/schema\\\/logo\\\/image\\\/\",\"url\":\"https:\\\/\\\/fghsaude.org.br\\\/home\\\/wp-content\\\/uploads\\\/2022\\\/11\\\/logotipo.png\",\"contentUrl\":\"https:\\\/\\\/fghsaude.org.br\\\/home\\\/wp-content\\\/uploads\\\/2022\\\/11\\\/logotipo.png\",\"width\":182,\"height\":47,\"caption\":\"FGH \\\/ Funda&ccedil;&atilde;o Gest&atilde;o Hospitalar Martiniano Fernandes\"},\"image\":{\"@id\":\"https:\\\/\\\/fghsaude.org.br\\\/home\\\/#\\\/schema\\\/logo\\\/image\\\/\"},\"sameAs\":[\"https:\\\/\\\/www.instagram.com\\\/fghsaude\\\/\"]},{\"@type\":\"Person\",\"@id\":\"https:\\\/\\\/fghsaude.org.br\\\/home\\\/#\\\/schema\\\/person\\\/575b203cbe04278988ea9d801e5033ae\",\"name\":\"Isis lima\",\"image\":{\"@type\":\"ImageObject\",\"inLanguage\":\"pt-BR\",\"@id\":\"https:\\\/\\\/secure.gravatar.com\\\/avatar\\\/4a4fb55f22627276365ebebfaf550f7681c43c32e0bcedab87bdeb6a0dfceaad?s=96&d=mm&r=g\",\"url\":\"https:\\\/\\\/secure.gravatar.com\\\/avatar\\\/4a4fb55f22627276365ebebfaf550f7681c43c32e0bcedab87bdeb6a0dfceaad?s=96&d=mm&r=g\",\"contentUrl\":\"https:\\\/\\\/secure.gravatar.com\\\/avatar\\\/4a4fb55f22627276365ebebfaf550f7681c43c32e0bcedab87bdeb6a0dfceaad?s=96&d=mm&r=g\",\"caption\":\"Isis lima\"},\"url\":\"https:\\\/\\\/fghsaude.org.br\\\/home\\\/author\\\/isis-lima\\\/\"}]}<\/script>\n<!-- \/ Yoast SEO plugin. -->","yoast_head_json":{"title":"HPS mobilizado nas cores do m\u00eas de setembro - FGH \/ Funda&ccedil;&atilde;o Gest&atilde;o Hospitalar Martiniano Fernandes","robots":{"index":"index","follow":"follow","max-snippet":"max-snippet:-1","max-image-preview":"max-image-preview:large","max-video-preview":"max-video-preview:-1"},"canonical":"https:\/\/fghsaude.org.br\/home\/hps-mobilizado-nas-cores-do-mes-de-setembro\/","og_locale":"pt_BR","og_type":"article","og_title":"HPS mobilizado nas cores do m\u00eas de setembro - FGH \/ Funda&ccedil;&atilde;o Gest&atilde;o Hospitalar Martiniano Fernandes","og_description":"As atividades envolveram os trabalhadores, pacientes e acompanhantes","og_url":"https:\/\/fghsaude.org.br\/home\/hps-mobilizado-nas-cores-do-mes-de-setembro\/","og_site_name":"FGH \/ Funda&ccedil;&atilde;o Gest&atilde;o Hospitalar Martiniano Fernandes","article_published_time":"2024-09-27T12:29:40+00:00","article_modified_time":"2024-09-30T13:25:14+00:00","author":"Isis lima","twitter_card":"summary_large_image","twitter_misc":{"Escrito por":"Isis lima","Est. tempo de leitura":"2 minutos"},"schema":{"@context":"https:\/\/schema.org","@graph":[{"@type":"Article","@id":"https:\/\/fghsaude.org.br\/home\/hps-mobilizado-nas-cores-do-mes-de-setembro\/#article","isPartOf":{"@id":"https:\/\/fghsaude.org.br\/home\/hps-mobilizado-nas-cores-do-mes-de-setembro\/"},"author":{"name":"Isis lima","@id":"https:\/\/fghsaude.org.br\/home\/#\/schema\/person\/575b203cbe04278988ea9d801e5033ae"},"headline":"HPS mobilizado nas cores do m\u00eas de setembro","datePublished":"2024-09-27T12:29:40+00:00","dateModified":"2024-09-30T13:25:14+00:00","mainEntityOfPage":{"@id":"https:\/\/fghsaude.org.br\/home\/hps-mobilizado-nas-cores-do-mes-de-setembro\/"},"wordCount":290,"commentCount":0,"publisher":{"@id":"https:\/\/fghsaude.org.br\/home\/#organization"},"articleSection":["Not\u00edcias"],"inLanguage":"pt-BR","potentialAction":[{"@type":"CommentAction","name":"Comment","target":["https:\/\/fghsaude.org.br\/home\/hps-mobilizado-nas-cores-do-mes-de-setembro\/#respond"]}]},{"@type":"WebPage","@id":"https:\/\/fghsaude.org.br\/home\/hps-mobilizado-nas-cores-do-mes-de-setembro\/","url":"https:\/\/fghsaude.org.br\/home\/hps-mobilizado-nas-cores-do-mes-de-setembro\/","name":"HPS mobilizado nas cores do m\u00eas de setembro - FGH \/ Funda&ccedil;&atilde;o Gest&atilde;o Hospitalar Martiniano Fernandes","isPartOf":{"@id":"https:\/\/fghsaude.org.br\/home\/#website"},"datePublished":"2024-09-27T12:29:40+00:00","dateModified":"2024-09-30T13:25:14+00:00","breadcrumb":{"@id":"https:\/\/fghsaude.org.br\/home\/hps-mobilizado-nas-cores-do-mes-de-setembro\/#breadcrumb"},"inLanguage":"pt-BR","potentialAction":[{"@type":"ReadAction","target":["https:\/\/fghsaude.org.br\/home\/hps-mobilizado-nas-cores-do-mes-de-setembro\/"]}]},{"@type":"BreadcrumbList","@id":"https:\/\/fghsaude.org.br\/home\/hps-mobilizado-nas-cores-do-mes-de-setembro\/#breadcrumb","itemListElement":[{"@type":"ListItem","position":1,"name":"In\u00edcio","item":"https:\/\/fghsaude.org.br\/home\/"},{"@type":"ListItem","position":2,"name":"HPS mobilizado nas cores do m\u00eas de setembro"}]},{"@type":"WebSite","@id":"https:\/\/fghsaude.org.br\/home\/#website","url":"https:\/\/fghsaude.org.br\/home\/","name":"FGH \/ Funda&ccedil;&atilde;o Gest&atilde;o Hospitalar Martiniano Fernandes","description":"Site da Funda&ccedil;&atilde;o Gest&atilde;o Hospitalar Martiniano Fernandes","publisher":{"@id":"https:\/\/fghsaude.org.br\/home\/#organization"},"potentialAction":[{"@type":"SearchAction","target":{"@type":"EntryPoint","urlTemplate":"https:\/\/fghsaude.org.br\/home\/?s={search_term_string}"},"query-input":{"@type":"PropertyValueSpecification","valueRequired":true,"valueName":"search_term_string"}}],"inLanguage":"pt-BR"},{"@type":"Organization","@id":"https:\/\/fghsaude.org.br\/home\/#organization","name":"FGH \/ Funda&ccedil;&atilde;o Gest&atilde;o Hospitalar Martiniano Fernandes","url":"https:\/\/fghsaude.org.br\/home\/","logo":{"@type":"ImageObject","inLanguage":"pt-BR","@id":"https:\/\/fghsaude.org.br\/home\/#\/schema\/logo\/image\/","url":"https:\/\/fghsaude.org.br\/home\/wp-content\/uploads\/2022\/11\/logotipo.png","contentUrl":"https:\/\/fghsaude.org.br\/home\/wp-content\/uploads\/2022\/11\/logotipo.png","width":182,"height":47,"caption":"FGH \/ Funda&ccedil;&atilde;o Gest&atilde;o Hospitalar Martiniano Fernandes"},"image":{"@id":"https:\/\/fghsaude.org.br\/home\/#\/schema\/logo\/image\/"},"sameAs":["https:\/\/www.instagram.com\/fghsaude\/"]},{"@type":"Person","@id":"https:\/\/fghsaude.org.br\/home\/#\/schema\/person\/575b203cbe04278988ea9d801e5033ae","name":"Isis lima","image":{"@type":"ImageObject","inLanguage":"pt-BR","@id":"https:\/\/secure.gravatar.com\/avatar\/4a4fb55f22627276365ebebfaf550f7681c43c32e0bcedab87bdeb6a0dfceaad?s=96&d=mm&r=g","url":"https:\/\/secure.gravatar.com\/avatar\/4a4fb55f22627276365ebebfaf550f7681c43c32e0bcedab87bdeb6a0dfceaad?s=96&d=mm&r=g","contentUrl":"https:\/\/secure.gravatar.com\/avatar\/4a4fb55f22627276365ebebfaf550f7681c43c32e0bcedab87bdeb6a0dfceaad?s=96&d=mm&r=g","caption":"Isis lima"},"url":"https:\/\/fghsaude.org.br\/home\/author\/isis-lima\/"}]}},"_links":{"self":[{"href":"https:\/\/fghsaude.org.br\/home\/wp-json\/wp\/v2\/posts\/3891","targetHints":{"allow":["GET"]}}],"collection":[{"href":"https:\/\/fghsaude.org.br\/home\/wp-json\/wp\/v2\/posts"}],"about":[{"href":"https:\/\/fghsaude.org.br\/home\/wp-json\/wp\/v2\/types\/post"}],"author":[{"embeddable":true,"href":"https:\/\/fghsaude.org.br\/home\/wp-json\/wp\/v2\/users\/6"}],"replies":[{"embeddable":true,"href":"https:\/\/fghsaude.org.br\/home\/wp-json\/wp\/v2\/comments?post=3891"}],"version-history":[{"count":3,"href":"https:\/\/fghsaude.org.br\/home\/wp-json\/wp\/v2\/posts\/3891\/revisions"}],"predecessor-version":[{"id":3899,"href":"https:\/\/fghsaude.org.br\/home\/wp-json\/wp\/v2\/posts\/3891\/revisions\/3899"}],"wp:attachment":[{"href":"https:\/\/fghsaude.org.br\/home\/wp-json\/wp\/v2\/media?parent=3891"}],"wp:term":[{"taxonomy":"category","embeddable":true,"href":"https:\/\/fghsaude.org.br\/home\/wp-json\/wp\/v2\/categories?post=3891"},{"taxonomy":"post_tag","embeddable":true,"href":"https:\/\/fghsaude.org.br\/home\/wp-json\/wp\/v2\/tags?post=3891"}],"curies":[{"name":"wp","href":"https:\/\/api.w.org\/{rel}","templated":true}]}}