{"id":3863,"date":"2024-09-20T13:14:40","date_gmt":"2024-09-20T16:14:40","guid":{"rendered":"https:\/\/fghsaude.org.br\/home\/?p=3863"},"modified":"2024-09-20T19:09:32","modified_gmt":"2024-09-20T22:09:32","slug":"psicologa-da-upae-escada-promove-palestra-no-erem-fernando-campelo","status":"publish","type":"post","link":"https:\/\/fghsaude.org.br\/home\/psicologa-da-upae-escada-promove-palestra-no-erem-fernando-campelo\/","title":{"rendered":"Psic\u00f3loga da UPAE Escada promove palestra no EREM Fernando Campelo"},"content":{"rendered":"\n<p><strong><em>20 de Setembro de 2024 &#8211; <\/em><\/strong>A Unidade Pernambucana de Aten\u00e7\u00e3o Especializada (UPAE) de Escada participou, na \u00faltima quinta-feira (19\/9), de evento alusivo ao Setembro Amarelo na Escola de Refer\u00eancia em Ensino M\u00e9dio (EREM) Fernando Campelo, no munic\u00edpio. A psic\u00f3loga Daffny Ferreira tratou da \u201cconscientiza\u00e7\u00e3o e preven\u00e7\u00e3o ao suic\u00eddio\u201d com os alunos da unidade escolar, buscando um momento de troca para abordar o tema dentro da realidade daqueles adolescentes.<\/p>\n\n\n\n<div style=\"height:30px\" aria-hidden=\"true\" class=\"wp-block-spacer\"><\/div>\n\n\n\n<p>\u201cEsse \u00e9 um tema sens\u00edvel, mas que deve ser falado com pessoas de todas as faixas et\u00e1rias, para que possamos prevenir casos. Durante a palestra, debatemos sobre adoecimento mental, depress\u00e3o, ansiedade e outros transtornos que podem levar ao suic\u00eddio e que possuem caminhos para tratamento e para evitar essa medida t\u00e3o extrema\u201d, afirmou a psic\u00f3loga.<\/p>\n\n\n<div class=\"wp-block-image\">\n<figure class=\"aligncenter size-full is-resized\"><img fetchpriority=\"high\" decoding=\"async\" width=\"700\" height=\"442\" src=\"https:\/\/fghsaude.org.br\/home\/wp-content\/uploads\/2024\/09\/palestra_upae-escada_erem_psicologa-2.png\" alt=\"\" class=\"wp-image-3864\" style=\"width:422px;height:auto\" srcset=\"https:\/\/fghsaude.org.br\/home\/wp-content\/uploads\/2024\/09\/palestra_upae-escada_erem_psicologa-2.png 700w, https:\/\/fghsaude.org.br\/home\/wp-content\/uploads\/2024\/09\/palestra_upae-escada_erem_psicologa-2-300x189.png 300w\" sizes=\"(max-width: 700px) 100vw, 700px\" \/><\/figure>\n<\/div>\n\n\n<p>A UPAE Escada tem, entre as especialidades multiprofissionais, a psicologia. O servi\u00e7o atende a popula\u00e7\u00e3o de 8 munic\u00edpios da Zona da Mata Sul.<\/p>\n","protected":false},"excerpt":{"rendered":"<p>Profissional abordou a preven\u00e7\u00e3o ao suic\u00eddio com os estudantes da unidade<\/p>\n","protected":false},"author":6,"featured_media":0,"comment_status":"open","ping_status":"open","sticky":false,"template":"","format":"standard","meta":{"footnotes":""},"categories":[3],"tags":[],"class_list":["post-3863","post","type-post","status-publish","format-standard","hentry","category-noticia"],"yoast_head":"<!-- This site is optimized with the Yoast SEO plugin v27.5 - https:\/\/yoast.com\/product\/yoast-seo-wordpress\/ -->\n<title>Psic\u00f3loga da UPAE Escada promove palestra no EREM Fernando Campelo - FGH \/ Funda&ccedil;&atilde;o Gest&atilde;o Hospitalar Martiniano Fernandes<\/title>\n<meta name=\"robots\" content=\"index, follow, max-snippet:-1, max-image-preview:large, max-video-preview:-1\" \/>\n<link rel=\"canonical\" href=\"https:\/\/fghsaude.org.br\/home\/psicologa-da-upae-escada-promove-palestra-no-erem-fernando-campelo\/\" \/>\n<meta property=\"og:locale\" content=\"pt_BR\" \/>\n<meta property=\"og:type\" content=\"article\" \/>\n<meta property=\"og:title\" content=\"Psic\u00f3loga da UPAE Escada promove palestra no EREM Fernando Campelo - FGH \/ Funda&ccedil;&atilde;o Gest&atilde;o Hospitalar Martiniano Fernandes\" \/>\n<meta property=\"og:description\" content=\"Profissional abordou a preven\u00e7\u00e3o ao suic\u00eddio com os estudantes da unidade\" \/>\n<meta property=\"og:url\" content=\"https:\/\/fghsaude.org.br\/home\/psicologa-da-upae-escada-promove-palestra-no-erem-fernando-campelo\/\" \/>\n<meta property=\"og:site_name\" content=\"FGH \/ Funda&ccedil;&atilde;o Gest&atilde;o Hospitalar Martiniano Fernandes\" \/>\n<meta property=\"article:published_time\" content=\"2024-09-20T16:14:40+00:00\" \/>\n<meta property=\"article:modified_time\" content=\"2024-09-20T22:09:32+00:00\" \/>\n<meta property=\"og:image\" content=\"https:\/\/fghsaude.org.br\/home\/wp-content\/uploads\/2024\/09\/palestra_upae-escada_erem_psicologa-2.png\" \/>\n<meta name=\"author\" content=\"Isis lima\" \/>\n<meta name=\"twitter:card\" content=\"summary_large_image\" \/>\n<meta name=\"twitter:label1\" content=\"Escrito por\" \/>\n\t<meta name=\"twitter:data1\" content=\"Isis lima\" \/>\n\t<meta name=\"twitter:label2\" content=\"Est. tempo de leitura\" \/>\n\t<meta name=\"twitter:data2\" content=\"2 minutos\" \/>\n<script type=\"application\/ld+json\" class=\"yoast-schema-graph\">{\"@context\":\"https:\\\/\\\/schema.org\",\"@graph\":[{\"@type\":\"Article\",\"@id\":\"https:\\\/\\\/fghsaude.org.br\\\/home\\\/psicologa-da-upae-escada-promove-palestra-no-erem-fernando-campelo\\\/#article\",\"isPartOf\":{\"@id\":\"https:\\\/\\\/fghsaude.org.br\\\/home\\\/psicologa-da-upae-escada-promove-palestra-no-erem-fernando-campelo\\\/\"},\"author\":{\"name\":\"Isis lima\",\"@id\":\"https:\\\/\\\/fghsaude.org.br\\\/home\\\/#\\\/schema\\\/person\\\/575b203cbe04278988ea9d801e5033ae\"},\"headline\":\"Psic\u00f3loga da UPAE Escada promove palestra no EREM Fernando Campelo\",\"datePublished\":\"2024-09-20T16:14:40+00:00\",\"dateModified\":\"2024-09-20T22:09:32+00:00\",\"mainEntityOfPage\":{\"@id\":\"https:\\\/\\\/fghsaude.org.br\\\/home\\\/psicologa-da-upae-escada-promove-palestra-no-erem-fernando-campelo\\\/\"},\"wordCount\":170,\"commentCount\":0,\"publisher\":{\"@id\":\"https:\\\/\\\/fghsaude.org.br\\\/home\\\/#organization\"},\"image\":{\"@id\":\"https:\\\/\\\/fghsaude.org.br\\\/home\\\/psicologa-da-upae-escada-promove-palestra-no-erem-fernando-campelo\\\/#primaryimage\"},\"thumbnailUrl\":\"https:\\\/\\\/fghsaude.org.br\\\/home\\\/wp-content\\\/uploads\\\/2024\\\/09\\\/palestra_upae-escada_erem_psicologa-2.png\",\"articleSection\":[\"Not\u00edcias\"],\"inLanguage\":\"pt-BR\",\"potentialAction\":[{\"@type\":\"CommentAction\",\"name\":\"Comment\",\"target\":[\"https:\\\/\\\/fghsaude.org.br\\\/home\\\/psicologa-da-upae-escada-promove-palestra-no-erem-fernando-campelo\\\/#respond\"]}]},{\"@type\":\"WebPage\",\"@id\":\"https:\\\/\\\/fghsaude.org.br\\\/home\\\/psicologa-da-upae-escada-promove-palestra-no-erem-fernando-campelo\\\/\",\"url\":\"https:\\\/\\\/fghsaude.org.br\\\/home\\\/psicologa-da-upae-escada-promove-palestra-no-erem-fernando-campelo\\\/\",\"name\":\"Psic\u00f3loga da UPAE Escada promove palestra no EREM Fernando Campelo - FGH \\\/ Funda&ccedil;&atilde;o Gest&atilde;o Hospitalar Martiniano Fernandes\",\"isPartOf\":{\"@id\":\"https:\\\/\\\/fghsaude.org.br\\\/home\\\/#website\"},\"primaryImageOfPage\":{\"@id\":\"https:\\\/\\\/fghsaude.org.br\\\/home\\\/psicologa-da-upae-escada-promove-palestra-no-erem-fernando-campelo\\\/#primaryimage\"},\"image\":{\"@id\":\"https:\\\/\\\/fghsaude.org.br\\\/home\\\/psicologa-da-upae-escada-promove-palestra-no-erem-fernando-campelo\\\/#primaryimage\"},\"thumbnailUrl\":\"https:\\\/\\\/fghsaude.org.br\\\/home\\\/wp-content\\\/uploads\\\/2024\\\/09\\\/palestra_upae-escada_erem_psicologa-2.png\",\"datePublished\":\"2024-09-20T16:14:40+00:00\",\"dateModified\":\"2024-09-20T22:09:32+00:00\",\"breadcrumb\":{\"@id\":\"https:\\\/\\\/fghsaude.org.br\\\/home\\\/psicologa-da-upae-escada-promove-palestra-no-erem-fernando-campelo\\\/#breadcrumb\"},\"inLanguage\":\"pt-BR\",\"potentialAction\":[{\"@type\":\"ReadAction\",\"target\":[\"https:\\\/\\\/fghsaude.org.br\\\/home\\\/psicologa-da-upae-escada-promove-palestra-no-erem-fernando-campelo\\\/\"]}]},{\"@type\":\"ImageObject\",\"inLanguage\":\"pt-BR\",\"@id\":\"https:\\\/\\\/fghsaude.org.br\\\/home\\\/psicologa-da-upae-escada-promove-palestra-no-erem-fernando-campelo\\\/#primaryimage\",\"url\":\"https:\\\/\\\/fghsaude.org.br\\\/home\\\/wp-content\\\/uploads\\\/2024\\\/09\\\/palestra_upae-escada_erem_psicologa-2.png\",\"contentUrl\":\"https:\\\/\\\/fghsaude.org.br\\\/home\\\/wp-content\\\/uploads\\\/2024\\\/09\\\/palestra_upae-escada_erem_psicologa-2.png\",\"width\":700,\"height\":442},{\"@type\":\"BreadcrumbList\",\"@id\":\"https:\\\/\\\/fghsaude.org.br\\\/home\\\/psicologa-da-upae-escada-promove-palestra-no-erem-fernando-campelo\\\/#breadcrumb\",\"itemListElement\":[{\"@type\":\"ListItem\",\"position\":1,\"name\":\"In\u00edcio\",\"item\":\"https:\\\/\\\/fghsaude.org.br\\\/home\\\/\"},{\"@type\":\"ListItem\",\"position\":2,\"name\":\"Psic\u00f3loga da UPAE Escada promove palestra no EREM Fernando Campelo\"}]},{\"@type\":\"WebSite\",\"@id\":\"https:\\\/\\\/fghsaude.org.br\\\/home\\\/#website\",\"url\":\"https:\\\/\\\/fghsaude.org.br\\\/home\\\/\",\"name\":\"FGH \\\/ Funda&ccedil;&atilde;o Gest&atilde;o Hospitalar Martiniano Fernandes\",\"description\":\"Site da Funda&ccedil;&atilde;o Gest&atilde;o Hospitalar Martiniano Fernandes\",\"publisher\":{\"@id\":\"https:\\\/\\\/fghsaude.org.br\\\/home\\\/#organization\"},\"potentialAction\":[{\"@type\":\"SearchAction\",\"target\":{\"@type\":\"EntryPoint\",\"urlTemplate\":\"https:\\\/\\\/fghsaude.org.br\\\/home\\\/?s={search_term_string}\"},\"query-input\":{\"@type\":\"PropertyValueSpecification\",\"valueRequired\":true,\"valueName\":\"search_term_string\"}}],\"inLanguage\":\"pt-BR\"},{\"@type\":\"Organization\",\"@id\":\"https:\\\/\\\/fghsaude.org.br\\\/home\\\/#organization\",\"name\":\"FGH \\\/ Funda&ccedil;&atilde;o Gest&atilde;o Hospitalar Martiniano Fernandes\",\"url\":\"https:\\\/\\\/fghsaude.org.br\\\/home\\\/\",\"logo\":{\"@type\":\"ImageObject\",\"inLanguage\":\"pt-BR\",\"@id\":\"https:\\\/\\\/fghsaude.org.br\\\/home\\\/#\\\/schema\\\/logo\\\/image\\\/\",\"url\":\"https:\\\/\\\/fghsaude.org.br\\\/home\\\/wp-content\\\/uploads\\\/2022\\\/11\\\/logotipo.png\",\"contentUrl\":\"https:\\\/\\\/fghsaude.org.br\\\/home\\\/wp-content\\\/uploads\\\/2022\\\/11\\\/logotipo.png\",\"width\":182,\"height\":47,\"caption\":\"FGH \\\/ Funda&ccedil;&atilde;o Gest&atilde;o Hospitalar Martiniano Fernandes\"},\"image\":{\"@id\":\"https:\\\/\\\/fghsaude.org.br\\\/home\\\/#\\\/schema\\\/logo\\\/image\\\/\"},\"sameAs\":[\"https:\\\/\\\/www.instagram.com\\\/fghsaude\\\/\"]},{\"@type\":\"Person\",\"@id\":\"https:\\\/\\\/fghsaude.org.br\\\/home\\\/#\\\/schema\\\/person\\\/575b203cbe04278988ea9d801e5033ae\",\"name\":\"Isis lima\",\"image\":{\"@type\":\"ImageObject\",\"inLanguage\":\"pt-BR\",\"@id\":\"https:\\\/\\\/secure.gravatar.com\\\/avatar\\\/4a4fb55f22627276365ebebfaf550f7681c43c32e0bcedab87bdeb6a0dfceaad?s=96&d=mm&r=g\",\"url\":\"https:\\\/\\\/secure.gravatar.com\\\/avatar\\\/4a4fb55f22627276365ebebfaf550f7681c43c32e0bcedab87bdeb6a0dfceaad?s=96&d=mm&r=g\",\"contentUrl\":\"https:\\\/\\\/secure.gravatar.com\\\/avatar\\\/4a4fb55f22627276365ebebfaf550f7681c43c32e0bcedab87bdeb6a0dfceaad?s=96&d=mm&r=g\",\"caption\":\"Isis lima\"},\"url\":\"https:\\\/\\\/fghsaude.org.br\\\/home\\\/author\\\/isis-lima\\\/\"}]}<\/script>\n<!-- \/ Yoast SEO plugin. -->","yoast_head_json":{"title":"Psic\u00f3loga da UPAE Escada promove palestra no EREM Fernando Campelo - FGH \/ Funda&ccedil;&atilde;o Gest&atilde;o Hospitalar Martiniano Fernandes","robots":{"index":"index","follow":"follow","max-snippet":"max-snippet:-1","max-image-preview":"max-image-preview:large","max-video-preview":"max-video-preview:-1"},"canonical":"https:\/\/fghsaude.org.br\/home\/psicologa-da-upae-escada-promove-palestra-no-erem-fernando-campelo\/","og_locale":"pt_BR","og_type":"article","og_title":"Psic\u00f3loga da UPAE Escada promove palestra no EREM Fernando Campelo - FGH \/ Funda&ccedil;&atilde;o Gest&atilde;o Hospitalar Martiniano Fernandes","og_description":"Profissional abordou a preven\u00e7\u00e3o ao suic\u00eddio com os estudantes da unidade","og_url":"https:\/\/fghsaude.org.br\/home\/psicologa-da-upae-escada-promove-palestra-no-erem-fernando-campelo\/","og_site_name":"FGH \/ Funda&ccedil;&atilde;o Gest&atilde;o Hospitalar Martiniano Fernandes","article_published_time":"2024-09-20T16:14:40+00:00","article_modified_time":"2024-09-20T22:09:32+00:00","og_image":[{"url":"https:\/\/fghsaude.org.br\/home\/wp-content\/uploads\/2024\/09\/palestra_upae-escada_erem_psicologa-2.png","type":"","width":"","height":""}],"author":"Isis lima","twitter_card":"summary_large_image","twitter_misc":{"Escrito por":"Isis lima","Est. tempo de leitura":"2 minutos"},"schema":{"@context":"https:\/\/schema.org","@graph":[{"@type":"Article","@id":"https:\/\/fghsaude.org.br\/home\/psicologa-da-upae-escada-promove-palestra-no-erem-fernando-campelo\/#article","isPartOf":{"@id":"https:\/\/fghsaude.org.br\/home\/psicologa-da-upae-escada-promove-palestra-no-erem-fernando-campelo\/"},"author":{"name":"Isis lima","@id":"https:\/\/fghsaude.org.br\/home\/#\/schema\/person\/575b203cbe04278988ea9d801e5033ae"},"headline":"Psic\u00f3loga da UPAE Escada promove palestra no EREM Fernando Campelo","datePublished":"2024-09-20T16:14:40+00:00","dateModified":"2024-09-20T22:09:32+00:00","mainEntityOfPage":{"@id":"https:\/\/fghsaude.org.br\/home\/psicologa-da-upae-escada-promove-palestra-no-erem-fernando-campelo\/"},"wordCount":170,"commentCount":0,"publisher":{"@id":"https:\/\/fghsaude.org.br\/home\/#organization"},"image":{"@id":"https:\/\/fghsaude.org.br\/home\/psicologa-da-upae-escada-promove-palestra-no-erem-fernando-campelo\/#primaryimage"},"thumbnailUrl":"https:\/\/fghsaude.org.br\/home\/wp-content\/uploads\/2024\/09\/palestra_upae-escada_erem_psicologa-2.png","articleSection":["Not\u00edcias"],"inLanguage":"pt-BR","potentialAction":[{"@type":"CommentAction","name":"Comment","target":["https:\/\/fghsaude.org.br\/home\/psicologa-da-upae-escada-promove-palestra-no-erem-fernando-campelo\/#respond"]}]},{"@type":"WebPage","@id":"https:\/\/fghsaude.org.br\/home\/psicologa-da-upae-escada-promove-palestra-no-erem-fernando-campelo\/","url":"https:\/\/fghsaude.org.br\/home\/psicologa-da-upae-escada-promove-palestra-no-erem-fernando-campelo\/","name":"Psic\u00f3loga da UPAE Escada promove palestra no EREM Fernando Campelo - FGH \/ Funda&ccedil;&atilde;o Gest&atilde;o Hospitalar Martiniano Fernandes","isPartOf":{"@id":"https:\/\/fghsaude.org.br\/home\/#website"},"primaryImageOfPage":{"@id":"https:\/\/fghsaude.org.br\/home\/psicologa-da-upae-escada-promove-palestra-no-erem-fernando-campelo\/#primaryimage"},"image":{"@id":"https:\/\/fghsaude.org.br\/home\/psicologa-da-upae-escada-promove-palestra-no-erem-fernando-campelo\/#primaryimage"},"thumbnailUrl":"https:\/\/fghsaude.org.br\/home\/wp-content\/uploads\/2024\/09\/palestra_upae-escada_erem_psicologa-2.png","datePublished":"2024-09-20T16:14:40+00:00","dateModified":"2024-09-20T22:09:32+00:00","breadcrumb":{"@id":"https:\/\/fghsaude.org.br\/home\/psicologa-da-upae-escada-promove-palestra-no-erem-fernando-campelo\/#breadcrumb"},"inLanguage":"pt-BR","potentialAction":[{"@type":"ReadAction","target":["https:\/\/fghsaude.org.br\/home\/psicologa-da-upae-escada-promove-palestra-no-erem-fernando-campelo\/"]}]},{"@type":"ImageObject","inLanguage":"pt-BR","@id":"https:\/\/fghsaude.org.br\/home\/psicologa-da-upae-escada-promove-palestra-no-erem-fernando-campelo\/#primaryimage","url":"https:\/\/fghsaude.org.br\/home\/wp-content\/uploads\/2024\/09\/palestra_upae-escada_erem_psicologa-2.png","contentUrl":"https:\/\/fghsaude.org.br\/home\/wp-content\/uploads\/2024\/09\/palestra_upae-escada_erem_psicologa-2.png","width":700,"height":442},{"@type":"BreadcrumbList","@id":"https:\/\/fghsaude.org.br\/home\/psicologa-da-upae-escada-promove-palestra-no-erem-fernando-campelo\/#breadcrumb","itemListElement":[{"@type":"ListItem","position":1,"name":"In\u00edcio","item":"https:\/\/fghsaude.org.br\/home\/"},{"@type":"ListItem","position":2,"name":"Psic\u00f3loga da UPAE Escada promove palestra no EREM Fernando Campelo"}]},{"@type":"WebSite","@id":"https:\/\/fghsaude.org.br\/home\/#website","url":"https:\/\/fghsaude.org.br\/home\/","name":"FGH \/ Funda&ccedil;&atilde;o Gest&atilde;o Hospitalar Martiniano Fernandes","description":"Site da Funda&ccedil;&atilde;o Gest&atilde;o Hospitalar Martiniano Fernandes","publisher":{"@id":"https:\/\/fghsaude.org.br\/home\/#organization"},"potentialAction":[{"@type":"SearchAction","target":{"@type":"EntryPoint","urlTemplate":"https:\/\/fghsaude.org.br\/home\/?s={search_term_string}"},"query-input":{"@type":"PropertyValueSpecification","valueRequired":true,"valueName":"search_term_string"}}],"inLanguage":"pt-BR"},{"@type":"Organization","@id":"https:\/\/fghsaude.org.br\/home\/#organization","name":"FGH \/ Funda&ccedil;&atilde;o Gest&atilde;o Hospitalar Martiniano Fernandes","url":"https:\/\/fghsaude.org.br\/home\/","logo":{"@type":"ImageObject","inLanguage":"pt-BR","@id":"https:\/\/fghsaude.org.br\/home\/#\/schema\/logo\/image\/","url":"https:\/\/fghsaude.org.br\/home\/wp-content\/uploads\/2022\/11\/logotipo.png","contentUrl":"https:\/\/fghsaude.org.br\/home\/wp-content\/uploads\/2022\/11\/logotipo.png","width":182,"height":47,"caption":"FGH \/ Funda&ccedil;&atilde;o Gest&atilde;o Hospitalar Martiniano Fernandes"},"image":{"@id":"https:\/\/fghsaude.org.br\/home\/#\/schema\/logo\/image\/"},"sameAs":["https:\/\/www.instagram.com\/fghsaude\/"]},{"@type":"Person","@id":"https:\/\/fghsaude.org.br\/home\/#\/schema\/person\/575b203cbe04278988ea9d801e5033ae","name":"Isis lima","image":{"@type":"ImageObject","inLanguage":"pt-BR","@id":"https:\/\/secure.gravatar.com\/avatar\/4a4fb55f22627276365ebebfaf550f7681c43c32e0bcedab87bdeb6a0dfceaad?s=96&d=mm&r=g","url":"https:\/\/secure.gravatar.com\/avatar\/4a4fb55f22627276365ebebfaf550f7681c43c32e0bcedab87bdeb6a0dfceaad?s=96&d=mm&r=g","contentUrl":"https:\/\/secure.gravatar.com\/avatar\/4a4fb55f22627276365ebebfaf550f7681c43c32e0bcedab87bdeb6a0dfceaad?s=96&d=mm&r=g","caption":"Isis lima"},"url":"https:\/\/fghsaude.org.br\/home\/author\/isis-lima\/"}]}},"_links":{"self":[{"href":"https:\/\/fghsaude.org.br\/home\/wp-json\/wp\/v2\/posts\/3863","targetHints":{"allow":["GET"]}}],"collection":[{"href":"https:\/\/fghsaude.org.br\/home\/wp-json\/wp\/v2\/posts"}],"about":[{"href":"https:\/\/fghsaude.org.br\/home\/wp-json\/wp\/v2\/types\/post"}],"author":[{"embeddable":true,"href":"https:\/\/fghsaude.org.br\/home\/wp-json\/wp\/v2\/users\/6"}],"replies":[{"embeddable":true,"href":"https:\/\/fghsaude.org.br\/home\/wp-json\/wp\/v2\/comments?post=3863"}],"version-history":[{"count":4,"href":"https:\/\/fghsaude.org.br\/home\/wp-json\/wp\/v2\/posts\/3863\/revisions"}],"predecessor-version":[{"id":3890,"href":"https:\/\/fghsaude.org.br\/home\/wp-json\/wp\/v2\/posts\/3863\/revisions\/3890"}],"wp:attachment":[{"href":"https:\/\/fghsaude.org.br\/home\/wp-json\/wp\/v2\/media?parent=3863"}],"wp:term":[{"taxonomy":"category","embeddable":true,"href":"https:\/\/fghsaude.org.br\/home\/wp-json\/wp\/v2\/categories?post=3863"},{"taxonomy":"post_tag","embeddable":true,"href":"https:\/\/fghsaude.org.br\/home\/wp-json\/wp\/v2\/tags?post=3863"}],"curies":[{"name":"wp","href":"https:\/\/api.w.org\/{rel}","templated":true}]}}