{"id":3212,"date":"2023-11-10T07:57:27","date_gmt":"2023-11-10T10:57:27","guid":{"rendered":"https:\/\/fghsaude.org.br\/home\/?p=3212"},"modified":"2023-11-10T07:57:27","modified_gmt":"2023-11-10T10:57:27","slug":"coordenadora-geral-da-upa-slm-participa-de-capacitacao-no-hospital-israelita-albert-einstein","status":"publish","type":"post","link":"https:\/\/fghsaude.org.br\/home\/coordenadora-geral-da-upa-slm-participa-de-capacitacao-no-hospital-israelita-albert-einstein\/","title":{"rendered":"Coordenadora Geral da UPA SLM participa de capacita\u00e7\u00e3o no Hospital Israelita Albert Einstein"},"content":{"rendered":"\n<p><strong><em>10 de Novembro de 2023 &#8211; <\/em><\/strong>Durante os dias 7 e 8 de novembro, a coordenadora geral da UPA S\u00e3o Louren\u00e7o da Mata, Rob\u00e9sia Alencar, participou da Capacita\u00e7\u00e3o de Multiplicadores em Simula\u00e7\u00e3o Real\u00edstica, promovida pelo Centro de Simula\u00e7\u00e3o Real\u00edstica do Instituto de Ensino do Hospital Israelita Albert Einstein, em S\u00e3o Paulo.  <\/p>\n\n\n\n<div style=\"height:35px\" aria-hidden=\"true\" class=\"wp-block-spacer\"><\/div>\n\n\n\n<p>A simula\u00e7\u00e3o real\u00edstica \u00e9 uma metodologia de treinamento inovadora, que utiliza tecnologias de alta complexidade para criar cen\u00e1rios cl\u00ednicos e replicar experi\u00eancias da vida real em um ambiente seguro.  <\/p>\n\n\n\n<div style=\"height:35px\" aria-hidden=\"true\" class=\"wp-block-spacer\"><\/div>\n\n\n\n<p>A interatividade presente nesse m\u00e9todo garante que os participantes reflitam sobre as diversas situa\u00e7\u00f5es que podem ocorrer na assist\u00eancia. Com o aux\u00edlio de profissionais que guiam essas reflex\u00f5es, a capacita\u00e7\u00e3o impacta tanto no conhecimento quanto em habilidades e atitudes relacionadas \u00e0 pr\u00e1tica profissional. <\/p>\n\n\n\n<div style=\"height:35px\" aria-hidden=\"true\" class=\"wp-block-spacer\"><\/div>\n\n\n\n<p>\u201cA metodologia adotada na simula\u00e7\u00e3o real\u00edstica amplia o nosso olhar para as diversas situa\u00e7\u00f5es que podem ocorrer no dia a dia de uma unidade de urg\u00eancia e emerg\u00eancia. O conhecimento adquirido nessa capacita\u00e7\u00e3o ser\u00e1 replicado para os demais profissionais da UPA 24h, garantindo mais seguran\u00e7a ao nosso paciente, acolhimento e humaniza\u00e7\u00e3o nos processos e servi\u00e7os prestados aos usu\u00e1rios do SUS. Certamente essas t\u00e9cnicas v\u00e3o assegurar uma maior qualidade assistencial ofertada aos nossos pacientes\u201d, destaca a coordenadora.&nbsp;<\/p>\n","protected":false},"excerpt":{"rendered":"<p>A simula\u00e7\u00e3o real\u00edstica \u00e9 uma metodologia de treinamento inovadora<\/p>\n","protected":false},"author":6,"featured_media":0,"comment_status":"open","ping_status":"open","sticky":false,"template":"","format":"standard","meta":{"footnotes":""},"categories":[1],"tags":[],"class_list":["post-3212","post","type-post","status-publish","format-standard","hentry","category-sem-categoria"],"yoast_head":"<!-- This site is optimized with the Yoast SEO plugin v27.5 - https:\/\/yoast.com\/product\/yoast-seo-wordpress\/ -->\n<title>Coordenadora Geral da UPA SLM participa de capacita\u00e7\u00e3o no Hospital Israelita Albert Einstein - FGH \/ Funda&ccedil;&atilde;o Gest&atilde;o Hospitalar Martiniano Fernandes<\/title>\n<meta name=\"robots\" content=\"index, follow, max-snippet:-1, max-image-preview:large, max-video-preview:-1\" \/>\n<link rel=\"canonical\" href=\"https:\/\/fghsaude.org.br\/home\/coordenadora-geral-da-upa-slm-participa-de-capacitacao-no-hospital-israelita-albert-einstein\/\" \/>\n<meta property=\"og:locale\" content=\"pt_BR\" \/>\n<meta property=\"og:type\" content=\"article\" \/>\n<meta property=\"og:title\" content=\"Coordenadora Geral da UPA SLM participa de capacita\u00e7\u00e3o no Hospital Israelita Albert Einstein - FGH \/ Funda&ccedil;&atilde;o Gest&atilde;o Hospitalar Martiniano Fernandes\" \/>\n<meta property=\"og:description\" content=\"A simula\u00e7\u00e3o real\u00edstica \u00e9 uma metodologia de treinamento inovadora\" \/>\n<meta property=\"og:url\" content=\"https:\/\/fghsaude.org.br\/home\/coordenadora-geral-da-upa-slm-participa-de-capacitacao-no-hospital-israelita-albert-einstein\/\" \/>\n<meta property=\"og:site_name\" content=\"FGH \/ Funda&ccedil;&atilde;o Gest&atilde;o Hospitalar Martiniano Fernandes\" \/>\n<meta property=\"article:published_time\" content=\"2023-11-10T10:57:27+00:00\" \/>\n<meta name=\"author\" content=\"Isis lima\" \/>\n<meta name=\"twitter:card\" content=\"summary_large_image\" \/>\n<meta name=\"twitter:label1\" content=\"Escrito por\" \/>\n\t<meta name=\"twitter:data1\" content=\"Isis lima\" \/>\n\t<meta name=\"twitter:label2\" content=\"Est. tempo de leitura\" \/>\n\t<meta name=\"twitter:data2\" content=\"1 minuto\" \/>\n<script type=\"application\/ld+json\" class=\"yoast-schema-graph\">{\"@context\":\"https:\\\/\\\/schema.org\",\"@graph\":[{\"@type\":\"Article\",\"@id\":\"https:\\\/\\\/fghsaude.org.br\\\/home\\\/coordenadora-geral-da-upa-slm-participa-de-capacitacao-no-hospital-israelita-albert-einstein\\\/#article\",\"isPartOf\":{\"@id\":\"https:\\\/\\\/fghsaude.org.br\\\/home\\\/coordenadora-geral-da-upa-slm-participa-de-capacitacao-no-hospital-israelita-albert-einstein\\\/\"},\"author\":{\"name\":\"Isis lima\",\"@id\":\"https:\\\/\\\/fghsaude.org.br\\\/home\\\/#\\\/schema\\\/person\\\/575b203cbe04278988ea9d801e5033ae\"},\"headline\":\"Coordenadora Geral da UPA SLM participa de capacita\u00e7\u00e3o no Hospital Israelita Albert Einstein\",\"datePublished\":\"2023-11-10T10:57:27+00:00\",\"mainEntityOfPage\":{\"@id\":\"https:\\\/\\\/fghsaude.org.br\\\/home\\\/coordenadora-geral-da-upa-slm-participa-de-capacitacao-no-hospital-israelita-albert-einstein\\\/\"},\"wordCount\":241,\"commentCount\":0,\"publisher\":{\"@id\":\"https:\\\/\\\/fghsaude.org.br\\\/home\\\/#organization\"},\"inLanguage\":\"pt-BR\",\"potentialAction\":[{\"@type\":\"CommentAction\",\"name\":\"Comment\",\"target\":[\"https:\\\/\\\/fghsaude.org.br\\\/home\\\/coordenadora-geral-da-upa-slm-participa-de-capacitacao-no-hospital-israelita-albert-einstein\\\/#respond\"]}]},{\"@type\":\"WebPage\",\"@id\":\"https:\\\/\\\/fghsaude.org.br\\\/home\\\/coordenadora-geral-da-upa-slm-participa-de-capacitacao-no-hospital-israelita-albert-einstein\\\/\",\"url\":\"https:\\\/\\\/fghsaude.org.br\\\/home\\\/coordenadora-geral-da-upa-slm-participa-de-capacitacao-no-hospital-israelita-albert-einstein\\\/\",\"name\":\"Coordenadora Geral da UPA SLM participa de capacita\u00e7\u00e3o no Hospital Israelita Albert Einstein - FGH \\\/ Funda&ccedil;&atilde;o Gest&atilde;o Hospitalar Martiniano Fernandes\",\"isPartOf\":{\"@id\":\"https:\\\/\\\/fghsaude.org.br\\\/home\\\/#website\"},\"datePublished\":\"2023-11-10T10:57:27+00:00\",\"breadcrumb\":{\"@id\":\"https:\\\/\\\/fghsaude.org.br\\\/home\\\/coordenadora-geral-da-upa-slm-participa-de-capacitacao-no-hospital-israelita-albert-einstein\\\/#breadcrumb\"},\"inLanguage\":\"pt-BR\",\"potentialAction\":[{\"@type\":\"ReadAction\",\"target\":[\"https:\\\/\\\/fghsaude.org.br\\\/home\\\/coordenadora-geral-da-upa-slm-participa-de-capacitacao-no-hospital-israelita-albert-einstein\\\/\"]}]},{\"@type\":\"BreadcrumbList\",\"@id\":\"https:\\\/\\\/fghsaude.org.br\\\/home\\\/coordenadora-geral-da-upa-slm-participa-de-capacitacao-no-hospital-israelita-albert-einstein\\\/#breadcrumb\",\"itemListElement\":[{\"@type\":\"ListItem\",\"position\":1,\"name\":\"In\u00edcio\",\"item\":\"https:\\\/\\\/fghsaude.org.br\\\/home\\\/\"},{\"@type\":\"ListItem\",\"position\":2,\"name\":\"Coordenadora Geral da UPA SLM participa de capacita\u00e7\u00e3o no Hospital Israelita Albert Einstein\"}]},{\"@type\":\"WebSite\",\"@id\":\"https:\\\/\\\/fghsaude.org.br\\\/home\\\/#website\",\"url\":\"https:\\\/\\\/fghsaude.org.br\\\/home\\\/\",\"name\":\"FGH \\\/ Funda&ccedil;&atilde;o Gest&atilde;o Hospitalar Martiniano Fernandes\",\"description\":\"Site da Funda&ccedil;&atilde;o Gest&atilde;o Hospitalar Martiniano Fernandes\",\"publisher\":{\"@id\":\"https:\\\/\\\/fghsaude.org.br\\\/home\\\/#organization\"},\"potentialAction\":[{\"@type\":\"SearchAction\",\"target\":{\"@type\":\"EntryPoint\",\"urlTemplate\":\"https:\\\/\\\/fghsaude.org.br\\\/home\\\/?s={search_term_string}\"},\"query-input\":{\"@type\":\"PropertyValueSpecification\",\"valueRequired\":true,\"valueName\":\"search_term_string\"}}],\"inLanguage\":\"pt-BR\"},{\"@type\":\"Organization\",\"@id\":\"https:\\\/\\\/fghsaude.org.br\\\/home\\\/#organization\",\"name\":\"FGH \\\/ Funda&ccedil;&atilde;o Gest&atilde;o Hospitalar Martiniano Fernandes\",\"url\":\"https:\\\/\\\/fghsaude.org.br\\\/home\\\/\",\"logo\":{\"@type\":\"ImageObject\",\"inLanguage\":\"pt-BR\",\"@id\":\"https:\\\/\\\/fghsaude.org.br\\\/home\\\/#\\\/schema\\\/logo\\\/image\\\/\",\"url\":\"https:\\\/\\\/fghsaude.org.br\\\/home\\\/wp-content\\\/uploads\\\/2022\\\/11\\\/logotipo.png\",\"contentUrl\":\"https:\\\/\\\/fghsaude.org.br\\\/home\\\/wp-content\\\/uploads\\\/2022\\\/11\\\/logotipo.png\",\"width\":182,\"height\":47,\"caption\":\"FGH \\\/ Funda&ccedil;&atilde;o Gest&atilde;o Hospitalar Martiniano Fernandes\"},\"image\":{\"@id\":\"https:\\\/\\\/fghsaude.org.br\\\/home\\\/#\\\/schema\\\/logo\\\/image\\\/\"},\"sameAs\":[\"https:\\\/\\\/www.instagram.com\\\/fghsaude\\\/\"]},{\"@type\":\"Person\",\"@id\":\"https:\\\/\\\/fghsaude.org.br\\\/home\\\/#\\\/schema\\\/person\\\/575b203cbe04278988ea9d801e5033ae\",\"name\":\"Isis lima\",\"image\":{\"@type\":\"ImageObject\",\"inLanguage\":\"pt-BR\",\"@id\":\"https:\\\/\\\/secure.gravatar.com\\\/avatar\\\/4a4fb55f22627276365ebebfaf550f7681c43c32e0bcedab87bdeb6a0dfceaad?s=96&d=mm&r=g\",\"url\":\"https:\\\/\\\/secure.gravatar.com\\\/avatar\\\/4a4fb55f22627276365ebebfaf550f7681c43c32e0bcedab87bdeb6a0dfceaad?s=96&d=mm&r=g\",\"contentUrl\":\"https:\\\/\\\/secure.gravatar.com\\\/avatar\\\/4a4fb55f22627276365ebebfaf550f7681c43c32e0bcedab87bdeb6a0dfceaad?s=96&d=mm&r=g\",\"caption\":\"Isis lima\"},\"url\":\"https:\\\/\\\/fghsaude.org.br\\\/home\\\/author\\\/isis-lima\\\/\"}]}<\/script>\n<!-- \/ Yoast SEO plugin. -->","yoast_head_json":{"title":"Coordenadora Geral da UPA SLM participa de capacita\u00e7\u00e3o no Hospital Israelita Albert Einstein - FGH \/ Funda&ccedil;&atilde;o Gest&atilde;o Hospitalar Martiniano Fernandes","robots":{"index":"index","follow":"follow","max-snippet":"max-snippet:-1","max-image-preview":"max-image-preview:large","max-video-preview":"max-video-preview:-1"},"canonical":"https:\/\/fghsaude.org.br\/home\/coordenadora-geral-da-upa-slm-participa-de-capacitacao-no-hospital-israelita-albert-einstein\/","og_locale":"pt_BR","og_type":"article","og_title":"Coordenadora Geral da UPA SLM participa de capacita\u00e7\u00e3o no Hospital Israelita Albert Einstein - FGH \/ Funda&ccedil;&atilde;o Gest&atilde;o Hospitalar Martiniano Fernandes","og_description":"A simula\u00e7\u00e3o real\u00edstica \u00e9 uma metodologia de treinamento inovadora","og_url":"https:\/\/fghsaude.org.br\/home\/coordenadora-geral-da-upa-slm-participa-de-capacitacao-no-hospital-israelita-albert-einstein\/","og_site_name":"FGH \/ Funda&ccedil;&atilde;o Gest&atilde;o Hospitalar Martiniano Fernandes","article_published_time":"2023-11-10T10:57:27+00:00","author":"Isis lima","twitter_card":"summary_large_image","twitter_misc":{"Escrito por":"Isis lima","Est. tempo de leitura":"1 minuto"},"schema":{"@context":"https:\/\/schema.org","@graph":[{"@type":"Article","@id":"https:\/\/fghsaude.org.br\/home\/coordenadora-geral-da-upa-slm-participa-de-capacitacao-no-hospital-israelita-albert-einstein\/#article","isPartOf":{"@id":"https:\/\/fghsaude.org.br\/home\/coordenadora-geral-da-upa-slm-participa-de-capacitacao-no-hospital-israelita-albert-einstein\/"},"author":{"name":"Isis lima","@id":"https:\/\/fghsaude.org.br\/home\/#\/schema\/person\/575b203cbe04278988ea9d801e5033ae"},"headline":"Coordenadora Geral da UPA SLM participa de capacita\u00e7\u00e3o no Hospital Israelita Albert Einstein","datePublished":"2023-11-10T10:57:27+00:00","mainEntityOfPage":{"@id":"https:\/\/fghsaude.org.br\/home\/coordenadora-geral-da-upa-slm-participa-de-capacitacao-no-hospital-israelita-albert-einstein\/"},"wordCount":241,"commentCount":0,"publisher":{"@id":"https:\/\/fghsaude.org.br\/home\/#organization"},"inLanguage":"pt-BR","potentialAction":[{"@type":"CommentAction","name":"Comment","target":["https:\/\/fghsaude.org.br\/home\/coordenadora-geral-da-upa-slm-participa-de-capacitacao-no-hospital-israelita-albert-einstein\/#respond"]}]},{"@type":"WebPage","@id":"https:\/\/fghsaude.org.br\/home\/coordenadora-geral-da-upa-slm-participa-de-capacitacao-no-hospital-israelita-albert-einstein\/","url":"https:\/\/fghsaude.org.br\/home\/coordenadora-geral-da-upa-slm-participa-de-capacitacao-no-hospital-israelita-albert-einstein\/","name":"Coordenadora Geral da UPA SLM participa de capacita\u00e7\u00e3o no Hospital Israelita Albert Einstein - FGH \/ Funda&ccedil;&atilde;o Gest&atilde;o Hospitalar Martiniano Fernandes","isPartOf":{"@id":"https:\/\/fghsaude.org.br\/home\/#website"},"datePublished":"2023-11-10T10:57:27+00:00","breadcrumb":{"@id":"https:\/\/fghsaude.org.br\/home\/coordenadora-geral-da-upa-slm-participa-de-capacitacao-no-hospital-israelita-albert-einstein\/#breadcrumb"},"inLanguage":"pt-BR","potentialAction":[{"@type":"ReadAction","target":["https:\/\/fghsaude.org.br\/home\/coordenadora-geral-da-upa-slm-participa-de-capacitacao-no-hospital-israelita-albert-einstein\/"]}]},{"@type":"BreadcrumbList","@id":"https:\/\/fghsaude.org.br\/home\/coordenadora-geral-da-upa-slm-participa-de-capacitacao-no-hospital-israelita-albert-einstein\/#breadcrumb","itemListElement":[{"@type":"ListItem","position":1,"name":"In\u00edcio","item":"https:\/\/fghsaude.org.br\/home\/"},{"@type":"ListItem","position":2,"name":"Coordenadora Geral da UPA SLM participa de capacita\u00e7\u00e3o no Hospital Israelita Albert Einstein"}]},{"@type":"WebSite","@id":"https:\/\/fghsaude.org.br\/home\/#website","url":"https:\/\/fghsaude.org.br\/home\/","name":"FGH \/ Funda&ccedil;&atilde;o Gest&atilde;o Hospitalar Martiniano Fernandes","description":"Site da Funda&ccedil;&atilde;o Gest&atilde;o Hospitalar Martiniano Fernandes","publisher":{"@id":"https:\/\/fghsaude.org.br\/home\/#organization"},"potentialAction":[{"@type":"SearchAction","target":{"@type":"EntryPoint","urlTemplate":"https:\/\/fghsaude.org.br\/home\/?s={search_term_string}"},"query-input":{"@type":"PropertyValueSpecification","valueRequired":true,"valueName":"search_term_string"}}],"inLanguage":"pt-BR"},{"@type":"Organization","@id":"https:\/\/fghsaude.org.br\/home\/#organization","name":"FGH \/ Funda&ccedil;&atilde;o Gest&atilde;o Hospitalar Martiniano Fernandes","url":"https:\/\/fghsaude.org.br\/home\/","logo":{"@type":"ImageObject","inLanguage":"pt-BR","@id":"https:\/\/fghsaude.org.br\/home\/#\/schema\/logo\/image\/","url":"https:\/\/fghsaude.org.br\/home\/wp-content\/uploads\/2022\/11\/logotipo.png","contentUrl":"https:\/\/fghsaude.org.br\/home\/wp-content\/uploads\/2022\/11\/logotipo.png","width":182,"height":47,"caption":"FGH \/ Funda&ccedil;&atilde;o Gest&atilde;o Hospitalar Martiniano Fernandes"},"image":{"@id":"https:\/\/fghsaude.org.br\/home\/#\/schema\/logo\/image\/"},"sameAs":["https:\/\/www.instagram.com\/fghsaude\/"]},{"@type":"Person","@id":"https:\/\/fghsaude.org.br\/home\/#\/schema\/person\/575b203cbe04278988ea9d801e5033ae","name":"Isis lima","image":{"@type":"ImageObject","inLanguage":"pt-BR","@id":"https:\/\/secure.gravatar.com\/avatar\/4a4fb55f22627276365ebebfaf550f7681c43c32e0bcedab87bdeb6a0dfceaad?s=96&d=mm&r=g","url":"https:\/\/secure.gravatar.com\/avatar\/4a4fb55f22627276365ebebfaf550f7681c43c32e0bcedab87bdeb6a0dfceaad?s=96&d=mm&r=g","contentUrl":"https:\/\/secure.gravatar.com\/avatar\/4a4fb55f22627276365ebebfaf550f7681c43c32e0bcedab87bdeb6a0dfceaad?s=96&d=mm&r=g","caption":"Isis lima"},"url":"https:\/\/fghsaude.org.br\/home\/author\/isis-lima\/"}]}},"_links":{"self":[{"href":"https:\/\/fghsaude.org.br\/home\/wp-json\/wp\/v2\/posts\/3212","targetHints":{"allow":["GET"]}}],"collection":[{"href":"https:\/\/fghsaude.org.br\/home\/wp-json\/wp\/v2\/posts"}],"about":[{"href":"https:\/\/fghsaude.org.br\/home\/wp-json\/wp\/v2\/types\/post"}],"author":[{"embeddable":true,"href":"https:\/\/fghsaude.org.br\/home\/wp-json\/wp\/v2\/users\/6"}],"replies":[{"embeddable":true,"href":"https:\/\/fghsaude.org.br\/home\/wp-json\/wp\/v2\/comments?post=3212"}],"version-history":[{"count":2,"href":"https:\/\/fghsaude.org.br\/home\/wp-json\/wp\/v2\/posts\/3212\/revisions"}],"predecessor-version":[{"id":3215,"href":"https:\/\/fghsaude.org.br\/home\/wp-json\/wp\/v2\/posts\/3212\/revisions\/3215"}],"wp:attachment":[{"href":"https:\/\/fghsaude.org.br\/home\/wp-json\/wp\/v2\/media?parent=3212"}],"wp:term":[{"taxonomy":"category","embeddable":true,"href":"https:\/\/fghsaude.org.br\/home\/wp-json\/wp\/v2\/categories?post=3212"},{"taxonomy":"post_tag","embeddable":true,"href":"https:\/\/fghsaude.org.br\/home\/wp-json\/wp\/v2\/tags?post=3212"}],"curies":[{"name":"wp","href":"https:\/\/api.w.org\/{rel}","templated":true}]}}