{"id":3185,"date":"2023-11-03T08:19:55","date_gmt":"2023-11-03T11:19:55","guid":{"rendered":"https:\/\/fghsaude.org.br\/home\/?p=3185"},"modified":"2023-11-03T08:31:54","modified_gmt":"2023-11-03T11:31:54","slug":"cuidados-paliativos-hospitais-da-rede-fgh-encerram-capacitacao-para-profissionais","status":"publish","type":"post","link":"https:\/\/fghsaude.org.br\/home\/cuidados-paliativos-hospitais-da-rede-fgh-encerram-capacitacao-para-profissionais\/","title":{"rendered":"Cuidados paliativos: Hospitais da Rede FGH encerram capacita\u00e7\u00e3o para profissionais"},"content":{"rendered":"\n<p><strong><em>03 de Novembro de 2023 &#8211; <\/em><\/strong> Nesta ter\u00e7a-feira (31), o Hospital Eduardo Campos da Pessoa Idosa, localizado no bairro da Est\u00e2ncia, Zona Oeste da da capital pernambucana, recebeu a aula &#8220;Curso B\u00e1sico de Cuidados Paliativos em Ambiente Hospitalar&#8221;.<\/p>\n\n\n\n<div style=\"height:36px\" aria-hidden=\"true\" class=\"wp-block-spacer\"><\/div>\n\n\n\n<p>A a\u00e7\u00e3o encerrou a capacita\u00e7\u00e3o, promovida pela Funda\u00e7\u00e3o Gest\u00e3o Hospitalar Martiniano Fernandes (FGH), de profissionais de sa\u00fade de unidades m\u00e9dicas da Regi\u00e3o Metropolitana do Recife (RMR) no m\u00eas de sensibiliza\u00e7\u00e3o sobre Cuidados Paliativos.<\/p>\n\n\n\n<div style=\"height:36px\" aria-hidden=\"true\" class=\"wp-block-spacer\"><\/div>\n\n\n\n<p>Ao todo, participaram da capacita\u00e7\u00e3o cerca de 50 profissionais dos hospitais Alfa, Miguel Arraes, Dom Helder C\u00e2mara, Pel\u00f3pidas Silveira e Eduardo Campos da Pessoa Idosa. O treinamento, dividido em quatro m\u00f3dulos, aconteceu por meio de encontros presenciais e remotos.<\/p>\n\n\n\n<div style=\"height:36px\" aria-hidden=\"true\" class=\"wp-block-spacer\"><\/div>\n\n\n\n<p>\u201cNosso objetivo principal com essa capacita\u00e7\u00e3o \u00e9 despertar nesses profissionais a necessidade de discutir os cuidados paliativos de forma humanizada, por isso, trouxemos os conceitos b\u00e1sicos do tema, como a indica\u00e7\u00e3o do paciente, o acolhimento da fam\u00edlia e as condutas profissionais\u201d, explicou a diretora de Ensino e Pesquisa do Hospital Alfa e uma das coordenadoras do curso, Lidier Roberta.<\/p>\n\n\n<div class=\"wp-block-image\">\n<figure class=\"aligncenter size-full is-resized\"><img fetchpriority=\"high\" decoding=\"async\" width=\"700\" height=\"442\" src=\"https:\/\/fghsaude.org.br\/home\/wp-content\/uploads\/2023\/11\/cuidados-paliativos_fgh.png\" alt=\"\" class=\"wp-image-3190\" style=\"aspect-ratio:1.583710407239819;width:538px;height:auto\" srcset=\"https:\/\/fghsaude.org.br\/home\/wp-content\/uploads\/2023\/11\/cuidados-paliativos_fgh.png 700w, https:\/\/fghsaude.org.br\/home\/wp-content\/uploads\/2023\/11\/cuidados-paliativos_fgh-300x189.png 300w\" sizes=\"(max-width: 700px) 100vw, 700px\" \/><\/figure>\n<\/div>\n\n\n<p>Segundo ela, foi mostrada uma vis\u00e3o transdisciplinar do tema, reunindo equipes m\u00e9dicas, al\u00e9m das \u00e1reas de Farm\u00e1cia, Nutri\u00e7\u00e3o, Terapia Ocupacional, Fisioterapia, entre outras.<\/p>\n\n\n\n<div style=\"height:36px\" aria-hidden=\"true\" class=\"wp-block-spacer\"><\/div>\n\n\n\n<p>Al\u00e9m dos servi\u00e7os voltados para cuidados paliativos nos hospitais Alfa e Eduardo Campos da Pessoa Idosa, a FGH tamb\u00e9m atua no treinamento e forma\u00e7\u00e3o das equipes nessa \u00e1rea, com profissionais que trabalham no Servi\u00e7o de Aten\u00e7\u00e3o Domiciliar (SAD) da institui\u00e7\u00e3o. Atualmente, o SAD conta com equipes ativas nos Hospitais Metropolitanos Pel\u00f3pidas Silveira, Miguel Arraes e Dom Helder.<\/p>\n\n\n\n<div style=\"height:36px\" aria-hidden=\"true\" class=\"wp-block-spacer\"><\/div>\n\n\n\n<p>\u201cNossa sensa\u00e7\u00e3o, enquanto rede, \u00e9 que a gente vem conseguindo formar uma linha de cuidado base para atender esses pacientes que precisam de um acolhimento muito espec\u00edfico. Por isso, precisamos continuar avan\u00e7ando nesse trabalho. Nossa expectativa \u00e9 que esses profissionais saiam desse curso e se tornem multiplicadores em seus respectivos servi\u00e7os\u201d, destacou a gerente de Ensino e Pesquisa da FGH, Nancy Corr\u00eaa.<\/p>\n\n\n\n<div style=\"height:36px\" aria-hidden=\"true\" class=\"wp-block-spacer\"><\/div>\n\n\n\n<p>Ao fim da capacita\u00e7\u00e3o, o objetivo principal \u00e9 discutir a Pol\u00edtica de Cuidados Paliativos da FGH, com foco na abordagem integral, para acolher n\u00e3o s\u00f3 pacientes, como tamb\u00e9m seus familiares.<\/p>\n","protected":false},"excerpt":{"rendered":"<p>O encontro de encerramento foi realizado no Hospital Eduardo Campos da Pessoa Idosa<\/p>\n","protected":false},"author":6,"featured_media":0,"comment_status":"open","ping_status":"open","sticky":false,"template":"","format":"standard","meta":{"footnotes":""},"categories":[3],"tags":[],"class_list":["post-3185","post","type-post","status-publish","format-standard","hentry","category-noticia"],"yoast_head":"<!-- This site is optimized with the Yoast SEO plugin v27.5 - https:\/\/yoast.com\/product\/yoast-seo-wordpress\/ -->\n<title>Cuidados paliativos: Hospitais da Rede FGH encerram capacita\u00e7\u00e3o para profissionais - FGH \/ Funda&ccedil;&atilde;o Gest&atilde;o Hospitalar Martiniano Fernandes<\/title>\n<meta name=\"robots\" content=\"index, follow, max-snippet:-1, max-image-preview:large, max-video-preview:-1\" \/>\n<link rel=\"canonical\" href=\"https:\/\/fghsaude.org.br\/home\/cuidados-paliativos-hospitais-da-rede-fgh-encerram-capacitacao-para-profissionais\/\" \/>\n<meta property=\"og:locale\" content=\"pt_BR\" \/>\n<meta property=\"og:type\" content=\"article\" \/>\n<meta property=\"og:title\" content=\"Cuidados paliativos: Hospitais da Rede FGH encerram capacita\u00e7\u00e3o para profissionais - FGH \/ Funda&ccedil;&atilde;o Gest&atilde;o Hospitalar Martiniano Fernandes\" \/>\n<meta property=\"og:description\" content=\"O encontro de encerramento foi realizado no Hospital Eduardo Campos da Pessoa Idosa\" \/>\n<meta property=\"og:url\" content=\"https:\/\/fghsaude.org.br\/home\/cuidados-paliativos-hospitais-da-rede-fgh-encerram-capacitacao-para-profissionais\/\" \/>\n<meta property=\"og:site_name\" content=\"FGH \/ Funda&ccedil;&atilde;o Gest&atilde;o Hospitalar Martiniano Fernandes\" \/>\n<meta property=\"article:published_time\" content=\"2023-11-03T11:19:55+00:00\" \/>\n<meta property=\"article:modified_time\" content=\"2023-11-03T11:31:54+00:00\" \/>\n<meta property=\"og:image\" content=\"https:\/\/fghsaude.org.br\/home\/wp-content\/uploads\/2023\/11\/cuidados-paliativos_fgh.png\" \/>\n<meta name=\"author\" content=\"Isis lima\" \/>\n<meta name=\"twitter:card\" content=\"summary_large_image\" \/>\n<meta name=\"twitter:label1\" content=\"Escrito por\" \/>\n\t<meta name=\"twitter:data1\" content=\"Isis lima\" \/>\n\t<meta name=\"twitter:label2\" content=\"Est. tempo de leitura\" \/>\n\t<meta name=\"twitter:data2\" content=\"2 minutos\" \/>\n<script type=\"application\/ld+json\" class=\"yoast-schema-graph\">{\"@context\":\"https:\\\/\\\/schema.org\",\"@graph\":[{\"@type\":\"Article\",\"@id\":\"https:\\\/\\\/fghsaude.org.br\\\/home\\\/cuidados-paliativos-hospitais-da-rede-fgh-encerram-capacitacao-para-profissionais\\\/#article\",\"isPartOf\":{\"@id\":\"https:\\\/\\\/fghsaude.org.br\\\/home\\\/cuidados-paliativos-hospitais-da-rede-fgh-encerram-capacitacao-para-profissionais\\\/\"},\"author\":{\"name\":\"Isis lima\",\"@id\":\"https:\\\/\\\/fghsaude.org.br\\\/home\\\/#\\\/schema\\\/person\\\/575b203cbe04278988ea9d801e5033ae\"},\"headline\":\"Cuidados paliativos: Hospitais da Rede FGH encerram capacita\u00e7\u00e3o para profissionais\",\"datePublished\":\"2023-11-03T11:19:55+00:00\",\"dateModified\":\"2023-11-03T11:31:54+00:00\",\"mainEntityOfPage\":{\"@id\":\"https:\\\/\\\/fghsaude.org.br\\\/home\\\/cuidados-paliativos-hospitais-da-rede-fgh-encerram-capacitacao-para-profissionais\\\/\"},\"wordCount\":386,\"commentCount\":0,\"publisher\":{\"@id\":\"https:\\\/\\\/fghsaude.org.br\\\/home\\\/#organization\"},\"image\":{\"@id\":\"https:\\\/\\\/fghsaude.org.br\\\/home\\\/cuidados-paliativos-hospitais-da-rede-fgh-encerram-capacitacao-para-profissionais\\\/#primaryimage\"},\"thumbnailUrl\":\"https:\\\/\\\/fghsaude.org.br\\\/home\\\/wp-content\\\/uploads\\\/2023\\\/11\\\/cuidados-paliativos_fgh.png\",\"articleSection\":[\"Not\u00edcias\"],\"inLanguage\":\"pt-BR\",\"potentialAction\":[{\"@type\":\"CommentAction\",\"name\":\"Comment\",\"target\":[\"https:\\\/\\\/fghsaude.org.br\\\/home\\\/cuidados-paliativos-hospitais-da-rede-fgh-encerram-capacitacao-para-profissionais\\\/#respond\"]}]},{\"@type\":\"WebPage\",\"@id\":\"https:\\\/\\\/fghsaude.org.br\\\/home\\\/cuidados-paliativos-hospitais-da-rede-fgh-encerram-capacitacao-para-profissionais\\\/\",\"url\":\"https:\\\/\\\/fghsaude.org.br\\\/home\\\/cuidados-paliativos-hospitais-da-rede-fgh-encerram-capacitacao-para-profissionais\\\/\",\"name\":\"Cuidados paliativos: Hospitais da Rede FGH encerram capacita\u00e7\u00e3o para profissionais - FGH \\\/ Funda&ccedil;&atilde;o Gest&atilde;o Hospitalar Martiniano Fernandes\",\"isPartOf\":{\"@id\":\"https:\\\/\\\/fghsaude.org.br\\\/home\\\/#website\"},\"primaryImageOfPage\":{\"@id\":\"https:\\\/\\\/fghsaude.org.br\\\/home\\\/cuidados-paliativos-hospitais-da-rede-fgh-encerram-capacitacao-para-profissionais\\\/#primaryimage\"},\"image\":{\"@id\":\"https:\\\/\\\/fghsaude.org.br\\\/home\\\/cuidados-paliativos-hospitais-da-rede-fgh-encerram-capacitacao-para-profissionais\\\/#primaryimage\"},\"thumbnailUrl\":\"https:\\\/\\\/fghsaude.org.br\\\/home\\\/wp-content\\\/uploads\\\/2023\\\/11\\\/cuidados-paliativos_fgh.png\",\"datePublished\":\"2023-11-03T11:19:55+00:00\",\"dateModified\":\"2023-11-03T11:31:54+00:00\",\"breadcrumb\":{\"@id\":\"https:\\\/\\\/fghsaude.org.br\\\/home\\\/cuidados-paliativos-hospitais-da-rede-fgh-encerram-capacitacao-para-profissionais\\\/#breadcrumb\"},\"inLanguage\":\"pt-BR\",\"potentialAction\":[{\"@type\":\"ReadAction\",\"target\":[\"https:\\\/\\\/fghsaude.org.br\\\/home\\\/cuidados-paliativos-hospitais-da-rede-fgh-encerram-capacitacao-para-profissionais\\\/\"]}]},{\"@type\":\"ImageObject\",\"inLanguage\":\"pt-BR\",\"@id\":\"https:\\\/\\\/fghsaude.org.br\\\/home\\\/cuidados-paliativos-hospitais-da-rede-fgh-encerram-capacitacao-para-profissionais\\\/#primaryimage\",\"url\":\"https:\\\/\\\/fghsaude.org.br\\\/home\\\/wp-content\\\/uploads\\\/2023\\\/11\\\/cuidados-paliativos_fgh.png\",\"contentUrl\":\"https:\\\/\\\/fghsaude.org.br\\\/home\\\/wp-content\\\/uploads\\\/2023\\\/11\\\/cuidados-paliativos_fgh.png\",\"width\":700,\"height\":442},{\"@type\":\"BreadcrumbList\",\"@id\":\"https:\\\/\\\/fghsaude.org.br\\\/home\\\/cuidados-paliativos-hospitais-da-rede-fgh-encerram-capacitacao-para-profissionais\\\/#breadcrumb\",\"itemListElement\":[{\"@type\":\"ListItem\",\"position\":1,\"name\":\"In\u00edcio\",\"item\":\"https:\\\/\\\/fghsaude.org.br\\\/home\\\/\"},{\"@type\":\"ListItem\",\"position\":2,\"name\":\"Cuidados paliativos: Hospitais da Rede FGH encerram capacita\u00e7\u00e3o para profissionais\"}]},{\"@type\":\"WebSite\",\"@id\":\"https:\\\/\\\/fghsaude.org.br\\\/home\\\/#website\",\"url\":\"https:\\\/\\\/fghsaude.org.br\\\/home\\\/\",\"name\":\"FGH \\\/ Funda&ccedil;&atilde;o Gest&atilde;o Hospitalar Martiniano Fernandes\",\"description\":\"Site da Funda&ccedil;&atilde;o Gest&atilde;o Hospitalar Martiniano Fernandes\",\"publisher\":{\"@id\":\"https:\\\/\\\/fghsaude.org.br\\\/home\\\/#organization\"},\"potentialAction\":[{\"@type\":\"SearchAction\",\"target\":{\"@type\":\"EntryPoint\",\"urlTemplate\":\"https:\\\/\\\/fghsaude.org.br\\\/home\\\/?s={search_term_string}\"},\"query-input\":{\"@type\":\"PropertyValueSpecification\",\"valueRequired\":true,\"valueName\":\"search_term_string\"}}],\"inLanguage\":\"pt-BR\"},{\"@type\":\"Organization\",\"@id\":\"https:\\\/\\\/fghsaude.org.br\\\/home\\\/#organization\",\"name\":\"FGH \\\/ Funda&ccedil;&atilde;o Gest&atilde;o Hospitalar Martiniano Fernandes\",\"url\":\"https:\\\/\\\/fghsaude.org.br\\\/home\\\/\",\"logo\":{\"@type\":\"ImageObject\",\"inLanguage\":\"pt-BR\",\"@id\":\"https:\\\/\\\/fghsaude.org.br\\\/home\\\/#\\\/schema\\\/logo\\\/image\\\/\",\"url\":\"https:\\\/\\\/fghsaude.org.br\\\/home\\\/wp-content\\\/uploads\\\/2022\\\/11\\\/logotipo.png\",\"contentUrl\":\"https:\\\/\\\/fghsaude.org.br\\\/home\\\/wp-content\\\/uploads\\\/2022\\\/11\\\/logotipo.png\",\"width\":182,\"height\":47,\"caption\":\"FGH \\\/ Funda&ccedil;&atilde;o Gest&atilde;o Hospitalar Martiniano Fernandes\"},\"image\":{\"@id\":\"https:\\\/\\\/fghsaude.org.br\\\/home\\\/#\\\/schema\\\/logo\\\/image\\\/\"},\"sameAs\":[\"https:\\\/\\\/www.instagram.com\\\/fghsaude\\\/\"]},{\"@type\":\"Person\",\"@id\":\"https:\\\/\\\/fghsaude.org.br\\\/home\\\/#\\\/schema\\\/person\\\/575b203cbe04278988ea9d801e5033ae\",\"name\":\"Isis lima\",\"image\":{\"@type\":\"ImageObject\",\"inLanguage\":\"pt-BR\",\"@id\":\"https:\\\/\\\/secure.gravatar.com\\\/avatar\\\/4a4fb55f22627276365ebebfaf550f7681c43c32e0bcedab87bdeb6a0dfceaad?s=96&d=mm&r=g\",\"url\":\"https:\\\/\\\/secure.gravatar.com\\\/avatar\\\/4a4fb55f22627276365ebebfaf550f7681c43c32e0bcedab87bdeb6a0dfceaad?s=96&d=mm&r=g\",\"contentUrl\":\"https:\\\/\\\/secure.gravatar.com\\\/avatar\\\/4a4fb55f22627276365ebebfaf550f7681c43c32e0bcedab87bdeb6a0dfceaad?s=96&d=mm&r=g\",\"caption\":\"Isis lima\"},\"url\":\"https:\\\/\\\/fghsaude.org.br\\\/home\\\/author\\\/isis-lima\\\/\"}]}<\/script>\n<!-- \/ Yoast SEO plugin. -->","yoast_head_json":{"title":"Cuidados paliativos: Hospitais da Rede FGH encerram capacita\u00e7\u00e3o para profissionais - FGH \/ Funda&ccedil;&atilde;o Gest&atilde;o Hospitalar Martiniano Fernandes","robots":{"index":"index","follow":"follow","max-snippet":"max-snippet:-1","max-image-preview":"max-image-preview:large","max-video-preview":"max-video-preview:-1"},"canonical":"https:\/\/fghsaude.org.br\/home\/cuidados-paliativos-hospitais-da-rede-fgh-encerram-capacitacao-para-profissionais\/","og_locale":"pt_BR","og_type":"article","og_title":"Cuidados paliativos: Hospitais da Rede FGH encerram capacita\u00e7\u00e3o para profissionais - FGH \/ Funda&ccedil;&atilde;o Gest&atilde;o Hospitalar Martiniano Fernandes","og_description":"O encontro de encerramento foi realizado no Hospital Eduardo Campos da Pessoa Idosa","og_url":"https:\/\/fghsaude.org.br\/home\/cuidados-paliativos-hospitais-da-rede-fgh-encerram-capacitacao-para-profissionais\/","og_site_name":"FGH \/ Funda&ccedil;&atilde;o Gest&atilde;o Hospitalar Martiniano Fernandes","article_published_time":"2023-11-03T11:19:55+00:00","article_modified_time":"2023-11-03T11:31:54+00:00","og_image":[{"url":"https:\/\/fghsaude.org.br\/home\/wp-content\/uploads\/2023\/11\/cuidados-paliativos_fgh.png","type":"","width":"","height":""}],"author":"Isis lima","twitter_card":"summary_large_image","twitter_misc":{"Escrito por":"Isis lima","Est. tempo de leitura":"2 minutos"},"schema":{"@context":"https:\/\/schema.org","@graph":[{"@type":"Article","@id":"https:\/\/fghsaude.org.br\/home\/cuidados-paliativos-hospitais-da-rede-fgh-encerram-capacitacao-para-profissionais\/#article","isPartOf":{"@id":"https:\/\/fghsaude.org.br\/home\/cuidados-paliativos-hospitais-da-rede-fgh-encerram-capacitacao-para-profissionais\/"},"author":{"name":"Isis lima","@id":"https:\/\/fghsaude.org.br\/home\/#\/schema\/person\/575b203cbe04278988ea9d801e5033ae"},"headline":"Cuidados paliativos: Hospitais da Rede FGH encerram capacita\u00e7\u00e3o para profissionais","datePublished":"2023-11-03T11:19:55+00:00","dateModified":"2023-11-03T11:31:54+00:00","mainEntityOfPage":{"@id":"https:\/\/fghsaude.org.br\/home\/cuidados-paliativos-hospitais-da-rede-fgh-encerram-capacitacao-para-profissionais\/"},"wordCount":386,"commentCount":0,"publisher":{"@id":"https:\/\/fghsaude.org.br\/home\/#organization"},"image":{"@id":"https:\/\/fghsaude.org.br\/home\/cuidados-paliativos-hospitais-da-rede-fgh-encerram-capacitacao-para-profissionais\/#primaryimage"},"thumbnailUrl":"https:\/\/fghsaude.org.br\/home\/wp-content\/uploads\/2023\/11\/cuidados-paliativos_fgh.png","articleSection":["Not\u00edcias"],"inLanguage":"pt-BR","potentialAction":[{"@type":"CommentAction","name":"Comment","target":["https:\/\/fghsaude.org.br\/home\/cuidados-paliativos-hospitais-da-rede-fgh-encerram-capacitacao-para-profissionais\/#respond"]}]},{"@type":"WebPage","@id":"https:\/\/fghsaude.org.br\/home\/cuidados-paliativos-hospitais-da-rede-fgh-encerram-capacitacao-para-profissionais\/","url":"https:\/\/fghsaude.org.br\/home\/cuidados-paliativos-hospitais-da-rede-fgh-encerram-capacitacao-para-profissionais\/","name":"Cuidados paliativos: Hospitais da Rede FGH encerram capacita\u00e7\u00e3o para profissionais - FGH \/ Funda&ccedil;&atilde;o Gest&atilde;o Hospitalar Martiniano Fernandes","isPartOf":{"@id":"https:\/\/fghsaude.org.br\/home\/#website"},"primaryImageOfPage":{"@id":"https:\/\/fghsaude.org.br\/home\/cuidados-paliativos-hospitais-da-rede-fgh-encerram-capacitacao-para-profissionais\/#primaryimage"},"image":{"@id":"https:\/\/fghsaude.org.br\/home\/cuidados-paliativos-hospitais-da-rede-fgh-encerram-capacitacao-para-profissionais\/#primaryimage"},"thumbnailUrl":"https:\/\/fghsaude.org.br\/home\/wp-content\/uploads\/2023\/11\/cuidados-paliativos_fgh.png","datePublished":"2023-11-03T11:19:55+00:00","dateModified":"2023-11-03T11:31:54+00:00","breadcrumb":{"@id":"https:\/\/fghsaude.org.br\/home\/cuidados-paliativos-hospitais-da-rede-fgh-encerram-capacitacao-para-profissionais\/#breadcrumb"},"inLanguage":"pt-BR","potentialAction":[{"@type":"ReadAction","target":["https:\/\/fghsaude.org.br\/home\/cuidados-paliativos-hospitais-da-rede-fgh-encerram-capacitacao-para-profissionais\/"]}]},{"@type":"ImageObject","inLanguage":"pt-BR","@id":"https:\/\/fghsaude.org.br\/home\/cuidados-paliativos-hospitais-da-rede-fgh-encerram-capacitacao-para-profissionais\/#primaryimage","url":"https:\/\/fghsaude.org.br\/home\/wp-content\/uploads\/2023\/11\/cuidados-paliativos_fgh.png","contentUrl":"https:\/\/fghsaude.org.br\/home\/wp-content\/uploads\/2023\/11\/cuidados-paliativos_fgh.png","width":700,"height":442},{"@type":"BreadcrumbList","@id":"https:\/\/fghsaude.org.br\/home\/cuidados-paliativos-hospitais-da-rede-fgh-encerram-capacitacao-para-profissionais\/#breadcrumb","itemListElement":[{"@type":"ListItem","position":1,"name":"In\u00edcio","item":"https:\/\/fghsaude.org.br\/home\/"},{"@type":"ListItem","position":2,"name":"Cuidados paliativos: Hospitais da Rede FGH encerram capacita\u00e7\u00e3o para profissionais"}]},{"@type":"WebSite","@id":"https:\/\/fghsaude.org.br\/home\/#website","url":"https:\/\/fghsaude.org.br\/home\/","name":"FGH \/ Funda&ccedil;&atilde;o Gest&atilde;o Hospitalar Martiniano Fernandes","description":"Site da Funda&ccedil;&atilde;o Gest&atilde;o Hospitalar Martiniano Fernandes","publisher":{"@id":"https:\/\/fghsaude.org.br\/home\/#organization"},"potentialAction":[{"@type":"SearchAction","target":{"@type":"EntryPoint","urlTemplate":"https:\/\/fghsaude.org.br\/home\/?s={search_term_string}"},"query-input":{"@type":"PropertyValueSpecification","valueRequired":true,"valueName":"search_term_string"}}],"inLanguage":"pt-BR"},{"@type":"Organization","@id":"https:\/\/fghsaude.org.br\/home\/#organization","name":"FGH \/ Funda&ccedil;&atilde;o Gest&atilde;o Hospitalar Martiniano Fernandes","url":"https:\/\/fghsaude.org.br\/home\/","logo":{"@type":"ImageObject","inLanguage":"pt-BR","@id":"https:\/\/fghsaude.org.br\/home\/#\/schema\/logo\/image\/","url":"https:\/\/fghsaude.org.br\/home\/wp-content\/uploads\/2022\/11\/logotipo.png","contentUrl":"https:\/\/fghsaude.org.br\/home\/wp-content\/uploads\/2022\/11\/logotipo.png","width":182,"height":47,"caption":"FGH \/ Funda&ccedil;&atilde;o Gest&atilde;o Hospitalar Martiniano Fernandes"},"image":{"@id":"https:\/\/fghsaude.org.br\/home\/#\/schema\/logo\/image\/"},"sameAs":["https:\/\/www.instagram.com\/fghsaude\/"]},{"@type":"Person","@id":"https:\/\/fghsaude.org.br\/home\/#\/schema\/person\/575b203cbe04278988ea9d801e5033ae","name":"Isis lima","image":{"@type":"ImageObject","inLanguage":"pt-BR","@id":"https:\/\/secure.gravatar.com\/avatar\/4a4fb55f22627276365ebebfaf550f7681c43c32e0bcedab87bdeb6a0dfceaad?s=96&d=mm&r=g","url":"https:\/\/secure.gravatar.com\/avatar\/4a4fb55f22627276365ebebfaf550f7681c43c32e0bcedab87bdeb6a0dfceaad?s=96&d=mm&r=g","contentUrl":"https:\/\/secure.gravatar.com\/avatar\/4a4fb55f22627276365ebebfaf550f7681c43c32e0bcedab87bdeb6a0dfceaad?s=96&d=mm&r=g","caption":"Isis lima"},"url":"https:\/\/fghsaude.org.br\/home\/author\/isis-lima\/"}]}},"_links":{"self":[{"href":"https:\/\/fghsaude.org.br\/home\/wp-json\/wp\/v2\/posts\/3185","targetHints":{"allow":["GET"]}}],"collection":[{"href":"https:\/\/fghsaude.org.br\/home\/wp-json\/wp\/v2\/posts"}],"about":[{"href":"https:\/\/fghsaude.org.br\/home\/wp-json\/wp\/v2\/types\/post"}],"author":[{"embeddable":true,"href":"https:\/\/fghsaude.org.br\/home\/wp-json\/wp\/v2\/users\/6"}],"replies":[{"embeddable":true,"href":"https:\/\/fghsaude.org.br\/home\/wp-json\/wp\/v2\/comments?post=3185"}],"version-history":[{"count":4,"href":"https:\/\/fghsaude.org.br\/home\/wp-json\/wp\/v2\/posts\/3185\/revisions"}],"predecessor-version":[{"id":3192,"href":"https:\/\/fghsaude.org.br\/home\/wp-json\/wp\/v2\/posts\/3185\/revisions\/3192"}],"wp:attachment":[{"href":"https:\/\/fghsaude.org.br\/home\/wp-json\/wp\/v2\/media?parent=3185"}],"wp:term":[{"taxonomy":"category","embeddable":true,"href":"https:\/\/fghsaude.org.br\/home\/wp-json\/wp\/v2\/categories?post=3185"},{"taxonomy":"post_tag","embeddable":true,"href":"https:\/\/fghsaude.org.br\/home\/wp-json\/wp\/v2\/tags?post=3185"}],"curies":[{"name":"wp","href":"https:\/\/api.w.org\/{rel}","templated":true}]}}