{"id":3088,"date":"2023-10-09T14:09:47","date_gmt":"2023-10-09T17:09:47","guid":{"rendered":"https:\/\/fghsaude.org.br\/home\/?p=3088"},"modified":"2023-10-09T14:11:18","modified_gmt":"2023-10-09T17:11:18","slug":"pelopidas-silveira-inicia-uso-de-plataforma-inteligente-para-gestao-de-escalas-medicas","status":"publish","type":"post","link":"https:\/\/fghsaude.org.br\/home\/pelopidas-silveira-inicia-uso-de-plataforma-inteligente-para-gestao-de-escalas-medicas\/","title":{"rendered":"Pel\u00f3pidas Silveira inicia uso de plataforma inteligente para gest\u00e3o de escalas m\u00e9dicas"},"content":{"rendered":"\n<p><\/p>\n\n\n\n<p><strong><em>09 de outubro de 2023<\/em><\/strong> &#8211; O Hospital Pel\u00f3pidas Silveira (HPS), no Recife, refer\u00eancia nas especialidades de neurologia e cardiologia no SUS em Pernambuco, \u00e9 a primeira unidade hospitalar da Rede FGH a implementar o uso da ferramenta GoHealth, uma plataforma inteligente para gest\u00e3o de agendas, plant\u00f5es e escalas m\u00e9dicas.<\/p>\n\n\n\n<div style=\"height:36px\" aria-hidden=\"true\" class=\"wp-block-spacer\"><\/div>\n\n\n\n<p>A plataforma tem o objetivo de tornar a rotina da institui\u00e7\u00e3o de sa\u00fade mais pr\u00e1tica, \u00e1gil e eficiente. Com ela, os m\u00e9dicos ter\u00e3o acesso, em tempo real, \u00e0s oportunidades de novos plant\u00f5es.<\/p>\n\n\n\n<div style=\"height:36px\" aria-hidden=\"true\" class=\"wp-block-spacer\"><\/div>\n\n\n\n<p>&#8220;O aplicativo de gest\u00e3o de escalas e plant\u00f5es m\u00e9dicos traz mais controle e praticidade para o dia a dia dos profissionais de sa\u00fade. Esta ferramenta poder\u00e1 ser manuseada pelo aplicativo no celular e os m\u00e9dicos ter\u00e3o maior controle sobre os plant\u00f5es. \u00c9 uma solu\u00e7\u00e3o que facilita a comunica\u00e7\u00e3o entre m\u00e9dicos e a institui\u00e7\u00e3o de sa\u00fade, trazendo benef\u00edcios para ambas as partes&#8221;, comenta a diretora m\u00e9dica do Pel\u00f3pidas Silveira, Luciana Moser.<\/p>\n\n\n\n<div style=\"height:36px\" aria-hidden=\"true\" class=\"wp-block-spacer\"><\/div>\n\n\n\n<p>Um bom planejamento da escala m\u00e9dica \u00e9 fundamental para a organiza\u00e7\u00e3o e funcionamento de qualquer hospital. \u00c9 por meio dela que \u00e9 poss\u00edvel estabelecer a distribui\u00e7\u00e3o dos profissionais de sa\u00fade durante os turnos de trabalho, garantindo a continuidade do atendimento aos pacientes e a efici\u00eancia nos processos, al\u00e9m de minimizar a sobrecarga dos profissionais e, consequentemente, os riscos de erros m\u00e9dicos.<\/p>\n","protected":false},"excerpt":{"rendered":"<p>Unidade hospitalar \u00e9 a primeira da Rede FGH a implementar a ferramenta<\/p>\n","protected":false},"author":6,"featured_media":0,"comment_status":"open","ping_status":"open","sticky":false,"template":"","format":"standard","meta":{"footnotes":""},"categories":[3],"tags":[],"class_list":["post-3088","post","type-post","status-publish","format-standard","hentry","category-noticia"],"yoast_head":"<!-- This site is optimized with the Yoast SEO plugin v27.5 - https:\/\/yoast.com\/product\/yoast-seo-wordpress\/ -->\n<title>Pel\u00f3pidas Silveira inicia uso de plataforma inteligente para gest\u00e3o de escalas m\u00e9dicas - FGH \/ Funda&ccedil;&atilde;o Gest&atilde;o Hospitalar Martiniano Fernandes<\/title>\n<meta name=\"robots\" content=\"index, follow, max-snippet:-1, max-image-preview:large, max-video-preview:-1\" \/>\n<link rel=\"canonical\" href=\"https:\/\/fghsaude.org.br\/home\/pelopidas-silveira-inicia-uso-de-plataforma-inteligente-para-gestao-de-escalas-medicas\/\" \/>\n<meta property=\"og:locale\" content=\"pt_BR\" \/>\n<meta property=\"og:type\" content=\"article\" \/>\n<meta property=\"og:title\" content=\"Pel\u00f3pidas Silveira inicia uso de plataforma inteligente para gest\u00e3o de escalas m\u00e9dicas - FGH \/ Funda&ccedil;&atilde;o Gest&atilde;o Hospitalar Martiniano Fernandes\" \/>\n<meta property=\"og:description\" content=\"Unidade hospitalar \u00e9 a primeira da Rede FGH a implementar a ferramenta\" \/>\n<meta property=\"og:url\" content=\"https:\/\/fghsaude.org.br\/home\/pelopidas-silveira-inicia-uso-de-plataforma-inteligente-para-gestao-de-escalas-medicas\/\" \/>\n<meta property=\"og:site_name\" content=\"FGH \/ Funda&ccedil;&atilde;o Gest&atilde;o Hospitalar Martiniano Fernandes\" \/>\n<meta property=\"article:published_time\" content=\"2023-10-09T17:09:47+00:00\" \/>\n<meta property=\"article:modified_time\" content=\"2023-10-09T17:11:18+00:00\" \/>\n<meta name=\"author\" content=\"Isis lima\" \/>\n<meta name=\"twitter:card\" content=\"summary_large_image\" \/>\n<meta name=\"twitter:label1\" content=\"Escrito por\" \/>\n\t<meta name=\"twitter:data1\" content=\"Isis lima\" \/>\n\t<meta name=\"twitter:label2\" content=\"Est. tempo de leitura\" \/>\n\t<meta name=\"twitter:data2\" content=\"1 minuto\" \/>\n<script type=\"application\/ld+json\" class=\"yoast-schema-graph\">{\"@context\":\"https:\\\/\\\/schema.org\",\"@graph\":[{\"@type\":\"Article\",\"@id\":\"https:\\\/\\\/fghsaude.org.br\\\/home\\\/pelopidas-silveira-inicia-uso-de-plataforma-inteligente-para-gestao-de-escalas-medicas\\\/#article\",\"isPartOf\":{\"@id\":\"https:\\\/\\\/fghsaude.org.br\\\/home\\\/pelopidas-silveira-inicia-uso-de-plataforma-inteligente-para-gestao-de-escalas-medicas\\\/\"},\"author\":{\"name\":\"Isis lima\",\"@id\":\"https:\\\/\\\/fghsaude.org.br\\\/home\\\/#\\\/schema\\\/person\\\/575b203cbe04278988ea9d801e5033ae\"},\"headline\":\"Pel\u00f3pidas Silveira inicia uso de plataforma inteligente para gest\u00e3o de escalas m\u00e9dicas\",\"datePublished\":\"2023-10-09T17:09:47+00:00\",\"dateModified\":\"2023-10-09T17:11:18+00:00\",\"mainEntityOfPage\":{\"@id\":\"https:\\\/\\\/fghsaude.org.br\\\/home\\\/pelopidas-silveira-inicia-uso-de-plataforma-inteligente-para-gestao-de-escalas-medicas\\\/\"},\"wordCount\":255,\"commentCount\":0,\"publisher\":{\"@id\":\"https:\\\/\\\/fghsaude.org.br\\\/home\\\/#organization\"},\"articleSection\":[\"Not\u00edcias\"],\"inLanguage\":\"pt-BR\",\"potentialAction\":[{\"@type\":\"CommentAction\",\"name\":\"Comment\",\"target\":[\"https:\\\/\\\/fghsaude.org.br\\\/home\\\/pelopidas-silveira-inicia-uso-de-plataforma-inteligente-para-gestao-de-escalas-medicas\\\/#respond\"]}]},{\"@type\":\"WebPage\",\"@id\":\"https:\\\/\\\/fghsaude.org.br\\\/home\\\/pelopidas-silveira-inicia-uso-de-plataforma-inteligente-para-gestao-de-escalas-medicas\\\/\",\"url\":\"https:\\\/\\\/fghsaude.org.br\\\/home\\\/pelopidas-silveira-inicia-uso-de-plataforma-inteligente-para-gestao-de-escalas-medicas\\\/\",\"name\":\"Pel\u00f3pidas Silveira inicia uso de plataforma inteligente para gest\u00e3o de escalas m\u00e9dicas - FGH \\\/ Funda&ccedil;&atilde;o Gest&atilde;o Hospitalar Martiniano Fernandes\",\"isPartOf\":{\"@id\":\"https:\\\/\\\/fghsaude.org.br\\\/home\\\/#website\"},\"datePublished\":\"2023-10-09T17:09:47+00:00\",\"dateModified\":\"2023-10-09T17:11:18+00:00\",\"breadcrumb\":{\"@id\":\"https:\\\/\\\/fghsaude.org.br\\\/home\\\/pelopidas-silveira-inicia-uso-de-plataforma-inteligente-para-gestao-de-escalas-medicas\\\/#breadcrumb\"},\"inLanguage\":\"pt-BR\",\"potentialAction\":[{\"@type\":\"ReadAction\",\"target\":[\"https:\\\/\\\/fghsaude.org.br\\\/home\\\/pelopidas-silveira-inicia-uso-de-plataforma-inteligente-para-gestao-de-escalas-medicas\\\/\"]}]},{\"@type\":\"BreadcrumbList\",\"@id\":\"https:\\\/\\\/fghsaude.org.br\\\/home\\\/pelopidas-silveira-inicia-uso-de-plataforma-inteligente-para-gestao-de-escalas-medicas\\\/#breadcrumb\",\"itemListElement\":[{\"@type\":\"ListItem\",\"position\":1,\"name\":\"In\u00edcio\",\"item\":\"https:\\\/\\\/fghsaude.org.br\\\/home\\\/\"},{\"@type\":\"ListItem\",\"position\":2,\"name\":\"Pel\u00f3pidas Silveira inicia uso de plataforma inteligente para gest\u00e3o de escalas m\u00e9dicas\"}]},{\"@type\":\"WebSite\",\"@id\":\"https:\\\/\\\/fghsaude.org.br\\\/home\\\/#website\",\"url\":\"https:\\\/\\\/fghsaude.org.br\\\/home\\\/\",\"name\":\"FGH \\\/ Funda&ccedil;&atilde;o Gest&atilde;o Hospitalar Martiniano Fernandes\",\"description\":\"Site da Funda&ccedil;&atilde;o Gest&atilde;o Hospitalar Martiniano Fernandes\",\"publisher\":{\"@id\":\"https:\\\/\\\/fghsaude.org.br\\\/home\\\/#organization\"},\"potentialAction\":[{\"@type\":\"SearchAction\",\"target\":{\"@type\":\"EntryPoint\",\"urlTemplate\":\"https:\\\/\\\/fghsaude.org.br\\\/home\\\/?s={search_term_string}\"},\"query-input\":{\"@type\":\"PropertyValueSpecification\",\"valueRequired\":true,\"valueName\":\"search_term_string\"}}],\"inLanguage\":\"pt-BR\"},{\"@type\":\"Organization\",\"@id\":\"https:\\\/\\\/fghsaude.org.br\\\/home\\\/#organization\",\"name\":\"FGH \\\/ Funda&ccedil;&atilde;o Gest&atilde;o Hospitalar Martiniano Fernandes\",\"url\":\"https:\\\/\\\/fghsaude.org.br\\\/home\\\/\",\"logo\":{\"@type\":\"ImageObject\",\"inLanguage\":\"pt-BR\",\"@id\":\"https:\\\/\\\/fghsaude.org.br\\\/home\\\/#\\\/schema\\\/logo\\\/image\\\/\",\"url\":\"https:\\\/\\\/fghsaude.org.br\\\/home\\\/wp-content\\\/uploads\\\/2022\\\/11\\\/logotipo.png\",\"contentUrl\":\"https:\\\/\\\/fghsaude.org.br\\\/home\\\/wp-content\\\/uploads\\\/2022\\\/11\\\/logotipo.png\",\"width\":182,\"height\":47,\"caption\":\"FGH \\\/ Funda&ccedil;&atilde;o Gest&atilde;o Hospitalar Martiniano Fernandes\"},\"image\":{\"@id\":\"https:\\\/\\\/fghsaude.org.br\\\/home\\\/#\\\/schema\\\/logo\\\/image\\\/\"},\"sameAs\":[\"https:\\\/\\\/www.instagram.com\\\/fghsaude\\\/\"]},{\"@type\":\"Person\",\"@id\":\"https:\\\/\\\/fghsaude.org.br\\\/home\\\/#\\\/schema\\\/person\\\/575b203cbe04278988ea9d801e5033ae\",\"name\":\"Isis lima\",\"image\":{\"@type\":\"ImageObject\",\"inLanguage\":\"pt-BR\",\"@id\":\"https:\\\/\\\/secure.gravatar.com\\\/avatar\\\/4a4fb55f22627276365ebebfaf550f7681c43c32e0bcedab87bdeb6a0dfceaad?s=96&d=mm&r=g\",\"url\":\"https:\\\/\\\/secure.gravatar.com\\\/avatar\\\/4a4fb55f22627276365ebebfaf550f7681c43c32e0bcedab87bdeb6a0dfceaad?s=96&d=mm&r=g\",\"contentUrl\":\"https:\\\/\\\/secure.gravatar.com\\\/avatar\\\/4a4fb55f22627276365ebebfaf550f7681c43c32e0bcedab87bdeb6a0dfceaad?s=96&d=mm&r=g\",\"caption\":\"Isis lima\"},\"url\":\"https:\\\/\\\/fghsaude.org.br\\\/home\\\/author\\\/isis-lima\\\/\"}]}<\/script>\n<!-- \/ Yoast SEO plugin. -->","yoast_head_json":{"title":"Pel\u00f3pidas Silveira inicia uso de plataforma inteligente para gest\u00e3o de escalas m\u00e9dicas - FGH \/ Funda&ccedil;&atilde;o Gest&atilde;o Hospitalar Martiniano Fernandes","robots":{"index":"index","follow":"follow","max-snippet":"max-snippet:-1","max-image-preview":"max-image-preview:large","max-video-preview":"max-video-preview:-1"},"canonical":"https:\/\/fghsaude.org.br\/home\/pelopidas-silveira-inicia-uso-de-plataforma-inteligente-para-gestao-de-escalas-medicas\/","og_locale":"pt_BR","og_type":"article","og_title":"Pel\u00f3pidas Silveira inicia uso de plataforma inteligente para gest\u00e3o de escalas m\u00e9dicas - FGH \/ Funda&ccedil;&atilde;o Gest&atilde;o Hospitalar Martiniano Fernandes","og_description":"Unidade hospitalar \u00e9 a primeira da Rede FGH a implementar a ferramenta","og_url":"https:\/\/fghsaude.org.br\/home\/pelopidas-silveira-inicia-uso-de-plataforma-inteligente-para-gestao-de-escalas-medicas\/","og_site_name":"FGH \/ Funda&ccedil;&atilde;o Gest&atilde;o Hospitalar Martiniano Fernandes","article_published_time":"2023-10-09T17:09:47+00:00","article_modified_time":"2023-10-09T17:11:18+00:00","author":"Isis lima","twitter_card":"summary_large_image","twitter_misc":{"Escrito por":"Isis lima","Est. tempo de leitura":"1 minuto"},"schema":{"@context":"https:\/\/schema.org","@graph":[{"@type":"Article","@id":"https:\/\/fghsaude.org.br\/home\/pelopidas-silveira-inicia-uso-de-plataforma-inteligente-para-gestao-de-escalas-medicas\/#article","isPartOf":{"@id":"https:\/\/fghsaude.org.br\/home\/pelopidas-silveira-inicia-uso-de-plataforma-inteligente-para-gestao-de-escalas-medicas\/"},"author":{"name":"Isis lima","@id":"https:\/\/fghsaude.org.br\/home\/#\/schema\/person\/575b203cbe04278988ea9d801e5033ae"},"headline":"Pel\u00f3pidas Silveira inicia uso de plataforma inteligente para gest\u00e3o de escalas m\u00e9dicas","datePublished":"2023-10-09T17:09:47+00:00","dateModified":"2023-10-09T17:11:18+00:00","mainEntityOfPage":{"@id":"https:\/\/fghsaude.org.br\/home\/pelopidas-silveira-inicia-uso-de-plataforma-inteligente-para-gestao-de-escalas-medicas\/"},"wordCount":255,"commentCount":0,"publisher":{"@id":"https:\/\/fghsaude.org.br\/home\/#organization"},"articleSection":["Not\u00edcias"],"inLanguage":"pt-BR","potentialAction":[{"@type":"CommentAction","name":"Comment","target":["https:\/\/fghsaude.org.br\/home\/pelopidas-silveira-inicia-uso-de-plataforma-inteligente-para-gestao-de-escalas-medicas\/#respond"]}]},{"@type":"WebPage","@id":"https:\/\/fghsaude.org.br\/home\/pelopidas-silveira-inicia-uso-de-plataforma-inteligente-para-gestao-de-escalas-medicas\/","url":"https:\/\/fghsaude.org.br\/home\/pelopidas-silveira-inicia-uso-de-plataforma-inteligente-para-gestao-de-escalas-medicas\/","name":"Pel\u00f3pidas Silveira inicia uso de plataforma inteligente para gest\u00e3o de escalas m\u00e9dicas - FGH \/ Funda&ccedil;&atilde;o Gest&atilde;o Hospitalar Martiniano Fernandes","isPartOf":{"@id":"https:\/\/fghsaude.org.br\/home\/#website"},"datePublished":"2023-10-09T17:09:47+00:00","dateModified":"2023-10-09T17:11:18+00:00","breadcrumb":{"@id":"https:\/\/fghsaude.org.br\/home\/pelopidas-silveira-inicia-uso-de-plataforma-inteligente-para-gestao-de-escalas-medicas\/#breadcrumb"},"inLanguage":"pt-BR","potentialAction":[{"@type":"ReadAction","target":["https:\/\/fghsaude.org.br\/home\/pelopidas-silveira-inicia-uso-de-plataforma-inteligente-para-gestao-de-escalas-medicas\/"]}]},{"@type":"BreadcrumbList","@id":"https:\/\/fghsaude.org.br\/home\/pelopidas-silveira-inicia-uso-de-plataforma-inteligente-para-gestao-de-escalas-medicas\/#breadcrumb","itemListElement":[{"@type":"ListItem","position":1,"name":"In\u00edcio","item":"https:\/\/fghsaude.org.br\/home\/"},{"@type":"ListItem","position":2,"name":"Pel\u00f3pidas Silveira inicia uso de plataforma inteligente para gest\u00e3o de escalas m\u00e9dicas"}]},{"@type":"WebSite","@id":"https:\/\/fghsaude.org.br\/home\/#website","url":"https:\/\/fghsaude.org.br\/home\/","name":"FGH \/ Funda&ccedil;&atilde;o Gest&atilde;o Hospitalar Martiniano Fernandes","description":"Site da Funda&ccedil;&atilde;o Gest&atilde;o Hospitalar Martiniano Fernandes","publisher":{"@id":"https:\/\/fghsaude.org.br\/home\/#organization"},"potentialAction":[{"@type":"SearchAction","target":{"@type":"EntryPoint","urlTemplate":"https:\/\/fghsaude.org.br\/home\/?s={search_term_string}"},"query-input":{"@type":"PropertyValueSpecification","valueRequired":true,"valueName":"search_term_string"}}],"inLanguage":"pt-BR"},{"@type":"Organization","@id":"https:\/\/fghsaude.org.br\/home\/#organization","name":"FGH \/ Funda&ccedil;&atilde;o Gest&atilde;o Hospitalar Martiniano Fernandes","url":"https:\/\/fghsaude.org.br\/home\/","logo":{"@type":"ImageObject","inLanguage":"pt-BR","@id":"https:\/\/fghsaude.org.br\/home\/#\/schema\/logo\/image\/","url":"https:\/\/fghsaude.org.br\/home\/wp-content\/uploads\/2022\/11\/logotipo.png","contentUrl":"https:\/\/fghsaude.org.br\/home\/wp-content\/uploads\/2022\/11\/logotipo.png","width":182,"height":47,"caption":"FGH \/ Funda&ccedil;&atilde;o Gest&atilde;o Hospitalar Martiniano Fernandes"},"image":{"@id":"https:\/\/fghsaude.org.br\/home\/#\/schema\/logo\/image\/"},"sameAs":["https:\/\/www.instagram.com\/fghsaude\/"]},{"@type":"Person","@id":"https:\/\/fghsaude.org.br\/home\/#\/schema\/person\/575b203cbe04278988ea9d801e5033ae","name":"Isis lima","image":{"@type":"ImageObject","inLanguage":"pt-BR","@id":"https:\/\/secure.gravatar.com\/avatar\/4a4fb55f22627276365ebebfaf550f7681c43c32e0bcedab87bdeb6a0dfceaad?s=96&d=mm&r=g","url":"https:\/\/secure.gravatar.com\/avatar\/4a4fb55f22627276365ebebfaf550f7681c43c32e0bcedab87bdeb6a0dfceaad?s=96&d=mm&r=g","contentUrl":"https:\/\/secure.gravatar.com\/avatar\/4a4fb55f22627276365ebebfaf550f7681c43c32e0bcedab87bdeb6a0dfceaad?s=96&d=mm&r=g","caption":"Isis lima"},"url":"https:\/\/fghsaude.org.br\/home\/author\/isis-lima\/"}]}},"_links":{"self":[{"href":"https:\/\/fghsaude.org.br\/home\/wp-json\/wp\/v2\/posts\/3088","targetHints":{"allow":["GET"]}}],"collection":[{"href":"https:\/\/fghsaude.org.br\/home\/wp-json\/wp\/v2\/posts"}],"about":[{"href":"https:\/\/fghsaude.org.br\/home\/wp-json\/wp\/v2\/types\/post"}],"author":[{"embeddable":true,"href":"https:\/\/fghsaude.org.br\/home\/wp-json\/wp\/v2\/users\/6"}],"replies":[{"embeddable":true,"href":"https:\/\/fghsaude.org.br\/home\/wp-json\/wp\/v2\/comments?post=3088"}],"version-history":[{"count":2,"href":"https:\/\/fghsaude.org.br\/home\/wp-json\/wp\/v2\/posts\/3088\/revisions"}],"predecessor-version":[{"id":3091,"href":"https:\/\/fghsaude.org.br\/home\/wp-json\/wp\/v2\/posts\/3088\/revisions\/3091"}],"wp:attachment":[{"href":"https:\/\/fghsaude.org.br\/home\/wp-json\/wp\/v2\/media?parent=3088"}],"wp:term":[{"taxonomy":"category","embeddable":true,"href":"https:\/\/fghsaude.org.br\/home\/wp-json\/wp\/v2\/categories?post=3088"},{"taxonomy":"post_tag","embeddable":true,"href":"https:\/\/fghsaude.org.br\/home\/wp-json\/wp\/v2\/tags?post=3088"}],"curies":[{"name":"wp","href":"https:\/\/api.w.org\/{rel}","templated":true}]}}