{"id":2415,"date":"2023-05-05T08:44:18","date_gmt":"2023-05-05T11:44:18","guid":{"rendered":"https:\/\/fghsaude.org.br\/home\/?p=2415"},"modified":"2023-05-05T10:33:23","modified_gmt":"2023-05-05T13:33:23","slug":"upae-carpina-recebe-visita-da-nova-secretaria-estadual-de-saude","status":"publish","type":"post","link":"https:\/\/fghsaude.org.br\/home\/upae-carpina-recebe-visita-da-nova-secretaria-estadual-de-saude\/","title":{"rendered":"UPAE Carpina recebe visita da nova Secret\u00e1ria Estadual de Sa\u00fade"},"content":{"rendered":"\n<p><strong><em>05 de Maio de 2023 &#8211; <\/em><\/strong>A nova Secret\u00e1ria Estadual de Sa\u00fade de Pernambuco, dra Zilda Cavalcanti, e a equipe da SES visitaram a UPAE Carpina, na \u00faltima sexta-feira (28\/04), e conheceram de perto o trabalho que a unidade tem desenvolvido na aten\u00e7\u00e3o especializadas prestada \u00e0 popula\u00e7\u00e3o da Zona da Mata Norte de Pernambuco. <\/p>\n\n\n\n<div style=\"height:36px\" aria-hidden=\"true\" class=\"wp-block-spacer\"><\/div>\n\n\n\n<p>Na ocasi\u00e3o, a coordenadora geral da UPAE Carpina, Keyla Quirino, debateu com a secret\u00e1ria o fluxo de acesso dos pacientes, visando otimizar as vagas para consultas e exames ofertadas pela nossa unidade.<\/p>\n\n\n\n<div style=\"height:36px\" aria-hidden=\"true\" class=\"wp-block-spacer\"><\/div>\n\n\n\n<p>&#8220;Esse momento foi proveitoso porque j\u00e1 pudemos tra\u00e7ar estrat\u00e9gias para um segundo momento onde abordaremos os munic\u00edpios da regional para melhor aproveitamento do servi\u00e7o. Encontros como esse s\u00e3o uma \u00f3tima oportunidade para melhorar ainda mais o andamento da unidade, al\u00e9m de fortalecer a sa\u00fade da regi\u00e3o e do Estado como um todo. Quem ganha \u00e9 realmente o usu\u00e1rio do SUS&#8221;, comenta a coordenadora.<\/p>\n","protected":false},"excerpt":{"rendered":"<p>A UPAE Carpina presta assist\u00eancia especializada \u00e0 popula\u00e7\u00e3o residente na Zona da Mata Norte de Pernambuco<\/p>\n","protected":false},"author":6,"featured_media":0,"comment_status":"open","ping_status":"open","sticky":false,"template":"","format":"standard","meta":{"footnotes":""},"categories":[3],"tags":[],"class_list":["post-2415","post","type-post","status-publish","format-standard","hentry","category-noticia"],"yoast_head":"<!-- This site is optimized with the Yoast SEO plugin v27.4 - https:\/\/yoast.com\/product\/yoast-seo-wordpress\/ -->\n<title>UPAE Carpina recebe visita da nova Secret\u00e1ria Estadual de Sa\u00fade - FGH \/ Funda&ccedil;&atilde;o Gest&atilde;o Hospitalar Martiniano Fernandes<\/title>\n<meta name=\"robots\" content=\"index, follow, max-snippet:-1, max-image-preview:large, max-video-preview:-1\" \/>\n<link rel=\"canonical\" href=\"https:\/\/fghsaude.org.br\/home\/upae-carpina-recebe-visita-da-nova-secretaria-estadual-de-saude\/\" \/>\n<meta property=\"og:locale\" content=\"pt_BR\" \/>\n<meta property=\"og:type\" content=\"article\" \/>\n<meta property=\"og:title\" content=\"UPAE Carpina recebe visita da nova Secret\u00e1ria Estadual de Sa\u00fade - FGH \/ Funda&ccedil;&atilde;o Gest&atilde;o Hospitalar Martiniano Fernandes\" \/>\n<meta property=\"og:description\" content=\"A UPAE Carpina presta assist\u00eancia especializada \u00e0 popula\u00e7\u00e3o residente na Zona da Mata Norte de Pernambuco\" \/>\n<meta property=\"og:url\" content=\"https:\/\/fghsaude.org.br\/home\/upae-carpina-recebe-visita-da-nova-secretaria-estadual-de-saude\/\" \/>\n<meta property=\"og:site_name\" content=\"FGH \/ Funda&ccedil;&atilde;o Gest&atilde;o Hospitalar Martiniano Fernandes\" \/>\n<meta property=\"article:published_time\" content=\"2023-05-05T11:44:18+00:00\" \/>\n<meta property=\"article:modified_time\" content=\"2023-05-05T13:33:23+00:00\" \/>\n<meta name=\"author\" content=\"Isis lima\" \/>\n<meta name=\"twitter:card\" content=\"summary_large_image\" \/>\n<meta name=\"twitter:label1\" content=\"Escrito por\" \/>\n\t<meta name=\"twitter:data1\" content=\"Isis lima\" \/>\n\t<meta name=\"twitter:label2\" content=\"Est. tempo de leitura\" \/>\n\t<meta name=\"twitter:data2\" content=\"1 minuto\" \/>\n<script type=\"application\/ld+json\" class=\"yoast-schema-graph\">{\"@context\":\"https:\\\/\\\/schema.org\",\"@graph\":[{\"@type\":\"Article\",\"@id\":\"https:\\\/\\\/fghsaude.org.br\\\/home\\\/upae-carpina-recebe-visita-da-nova-secretaria-estadual-de-saude\\\/#article\",\"isPartOf\":{\"@id\":\"https:\\\/\\\/fghsaude.org.br\\\/home\\\/upae-carpina-recebe-visita-da-nova-secretaria-estadual-de-saude\\\/\"},\"author\":{\"name\":\"Isis lima\",\"@id\":\"https:\\\/\\\/fghsaude.org.br\\\/home\\\/#\\\/schema\\\/person\\\/575b203cbe04278988ea9d801e5033ae\"},\"headline\":\"UPAE Carpina recebe visita da nova Secret\u00e1ria Estadual de Sa\u00fade\",\"datePublished\":\"2023-05-05T11:44:18+00:00\",\"dateModified\":\"2023-05-05T13:33:23+00:00\",\"mainEntityOfPage\":{\"@id\":\"https:\\\/\\\/fghsaude.org.br\\\/home\\\/upae-carpina-recebe-visita-da-nova-secretaria-estadual-de-saude\\\/\"},\"wordCount\":171,\"commentCount\":0,\"publisher\":{\"@id\":\"https:\\\/\\\/fghsaude.org.br\\\/home\\\/#organization\"},\"articleSection\":[\"Not\u00edcias\"],\"inLanguage\":\"pt-BR\",\"potentialAction\":[{\"@type\":\"CommentAction\",\"name\":\"Comment\",\"target\":[\"https:\\\/\\\/fghsaude.org.br\\\/home\\\/upae-carpina-recebe-visita-da-nova-secretaria-estadual-de-saude\\\/#respond\"]}]},{\"@type\":\"WebPage\",\"@id\":\"https:\\\/\\\/fghsaude.org.br\\\/home\\\/upae-carpina-recebe-visita-da-nova-secretaria-estadual-de-saude\\\/\",\"url\":\"https:\\\/\\\/fghsaude.org.br\\\/home\\\/upae-carpina-recebe-visita-da-nova-secretaria-estadual-de-saude\\\/\",\"name\":\"UPAE Carpina recebe visita da nova Secret\u00e1ria Estadual de Sa\u00fade - FGH \\\/ Funda&ccedil;&atilde;o Gest&atilde;o Hospitalar Martiniano Fernandes\",\"isPartOf\":{\"@id\":\"https:\\\/\\\/fghsaude.org.br\\\/home\\\/#website\"},\"datePublished\":\"2023-05-05T11:44:18+00:00\",\"dateModified\":\"2023-05-05T13:33:23+00:00\",\"breadcrumb\":{\"@id\":\"https:\\\/\\\/fghsaude.org.br\\\/home\\\/upae-carpina-recebe-visita-da-nova-secretaria-estadual-de-saude\\\/#breadcrumb\"},\"inLanguage\":\"pt-BR\",\"potentialAction\":[{\"@type\":\"ReadAction\",\"target\":[\"https:\\\/\\\/fghsaude.org.br\\\/home\\\/upae-carpina-recebe-visita-da-nova-secretaria-estadual-de-saude\\\/\"]}]},{\"@type\":\"BreadcrumbList\",\"@id\":\"https:\\\/\\\/fghsaude.org.br\\\/home\\\/upae-carpina-recebe-visita-da-nova-secretaria-estadual-de-saude\\\/#breadcrumb\",\"itemListElement\":[{\"@type\":\"ListItem\",\"position\":1,\"name\":\"In\u00edcio\",\"item\":\"https:\\\/\\\/fghsaude.org.br\\\/home\\\/\"},{\"@type\":\"ListItem\",\"position\":2,\"name\":\"UPAE Carpina recebe visita da nova Secret\u00e1ria Estadual de Sa\u00fade\"}]},{\"@type\":\"WebSite\",\"@id\":\"https:\\\/\\\/fghsaude.org.br\\\/home\\\/#website\",\"url\":\"https:\\\/\\\/fghsaude.org.br\\\/home\\\/\",\"name\":\"FGH \\\/ Funda&ccedil;&atilde;o Gest&atilde;o Hospitalar Martiniano Fernandes\",\"description\":\"Site da Funda&ccedil;&atilde;o Gest&atilde;o Hospitalar Martiniano Fernandes\",\"publisher\":{\"@id\":\"https:\\\/\\\/fghsaude.org.br\\\/home\\\/#organization\"},\"potentialAction\":[{\"@type\":\"SearchAction\",\"target\":{\"@type\":\"EntryPoint\",\"urlTemplate\":\"https:\\\/\\\/fghsaude.org.br\\\/home\\\/?s={search_term_string}\"},\"query-input\":{\"@type\":\"PropertyValueSpecification\",\"valueRequired\":true,\"valueName\":\"search_term_string\"}}],\"inLanguage\":\"pt-BR\"},{\"@type\":\"Organization\",\"@id\":\"https:\\\/\\\/fghsaude.org.br\\\/home\\\/#organization\",\"name\":\"FGH \\\/ Funda&ccedil;&atilde;o Gest&atilde;o Hospitalar Martiniano Fernandes\",\"url\":\"https:\\\/\\\/fghsaude.org.br\\\/home\\\/\",\"logo\":{\"@type\":\"ImageObject\",\"inLanguage\":\"pt-BR\",\"@id\":\"https:\\\/\\\/fghsaude.org.br\\\/home\\\/#\\\/schema\\\/logo\\\/image\\\/\",\"url\":\"https:\\\/\\\/fghsaude.org.br\\\/home\\\/wp-content\\\/uploads\\\/2022\\\/11\\\/logotipo.png\",\"contentUrl\":\"https:\\\/\\\/fghsaude.org.br\\\/home\\\/wp-content\\\/uploads\\\/2022\\\/11\\\/logotipo.png\",\"width\":182,\"height\":47,\"caption\":\"FGH \\\/ Funda&ccedil;&atilde;o Gest&atilde;o Hospitalar Martiniano Fernandes\"},\"image\":{\"@id\":\"https:\\\/\\\/fghsaude.org.br\\\/home\\\/#\\\/schema\\\/logo\\\/image\\\/\"},\"sameAs\":[\"https:\\\/\\\/www.instagram.com\\\/fghsaude\\\/\"]},{\"@type\":\"Person\",\"@id\":\"https:\\\/\\\/fghsaude.org.br\\\/home\\\/#\\\/schema\\\/person\\\/575b203cbe04278988ea9d801e5033ae\",\"name\":\"Isis lima\",\"image\":{\"@type\":\"ImageObject\",\"inLanguage\":\"pt-BR\",\"@id\":\"https:\\\/\\\/secure.gravatar.com\\\/avatar\\\/4a4fb55f22627276365ebebfaf550f7681c43c32e0bcedab87bdeb6a0dfceaad?s=96&d=mm&r=g\",\"url\":\"https:\\\/\\\/secure.gravatar.com\\\/avatar\\\/4a4fb55f22627276365ebebfaf550f7681c43c32e0bcedab87bdeb6a0dfceaad?s=96&d=mm&r=g\",\"contentUrl\":\"https:\\\/\\\/secure.gravatar.com\\\/avatar\\\/4a4fb55f22627276365ebebfaf550f7681c43c32e0bcedab87bdeb6a0dfceaad?s=96&d=mm&r=g\",\"caption\":\"Isis lima\"},\"url\":\"https:\\\/\\\/fghsaude.org.br\\\/home\\\/author\\\/isis-lima\\\/\"}]}<\/script>\n<!-- \/ Yoast SEO plugin. -->","yoast_head_json":{"title":"UPAE Carpina recebe visita da nova Secret\u00e1ria Estadual de Sa\u00fade - FGH \/ Funda&ccedil;&atilde;o Gest&atilde;o Hospitalar Martiniano Fernandes","robots":{"index":"index","follow":"follow","max-snippet":"max-snippet:-1","max-image-preview":"max-image-preview:large","max-video-preview":"max-video-preview:-1"},"canonical":"https:\/\/fghsaude.org.br\/home\/upae-carpina-recebe-visita-da-nova-secretaria-estadual-de-saude\/","og_locale":"pt_BR","og_type":"article","og_title":"UPAE Carpina recebe visita da nova Secret\u00e1ria Estadual de Sa\u00fade - FGH \/ Funda&ccedil;&atilde;o Gest&atilde;o Hospitalar Martiniano Fernandes","og_description":"A UPAE Carpina presta assist\u00eancia especializada \u00e0 popula\u00e7\u00e3o residente na Zona da Mata Norte de Pernambuco","og_url":"https:\/\/fghsaude.org.br\/home\/upae-carpina-recebe-visita-da-nova-secretaria-estadual-de-saude\/","og_site_name":"FGH \/ Funda&ccedil;&atilde;o Gest&atilde;o Hospitalar Martiniano Fernandes","article_published_time":"2023-05-05T11:44:18+00:00","article_modified_time":"2023-05-05T13:33:23+00:00","author":"Isis lima","twitter_card":"summary_large_image","twitter_misc":{"Escrito por":"Isis lima","Est. tempo de leitura":"1 minuto"},"schema":{"@context":"https:\/\/schema.org","@graph":[{"@type":"Article","@id":"https:\/\/fghsaude.org.br\/home\/upae-carpina-recebe-visita-da-nova-secretaria-estadual-de-saude\/#article","isPartOf":{"@id":"https:\/\/fghsaude.org.br\/home\/upae-carpina-recebe-visita-da-nova-secretaria-estadual-de-saude\/"},"author":{"name":"Isis lima","@id":"https:\/\/fghsaude.org.br\/home\/#\/schema\/person\/575b203cbe04278988ea9d801e5033ae"},"headline":"UPAE Carpina recebe visita da nova Secret\u00e1ria Estadual de Sa\u00fade","datePublished":"2023-05-05T11:44:18+00:00","dateModified":"2023-05-05T13:33:23+00:00","mainEntityOfPage":{"@id":"https:\/\/fghsaude.org.br\/home\/upae-carpina-recebe-visita-da-nova-secretaria-estadual-de-saude\/"},"wordCount":171,"commentCount":0,"publisher":{"@id":"https:\/\/fghsaude.org.br\/home\/#organization"},"articleSection":["Not\u00edcias"],"inLanguage":"pt-BR","potentialAction":[{"@type":"CommentAction","name":"Comment","target":["https:\/\/fghsaude.org.br\/home\/upae-carpina-recebe-visita-da-nova-secretaria-estadual-de-saude\/#respond"]}]},{"@type":"WebPage","@id":"https:\/\/fghsaude.org.br\/home\/upae-carpina-recebe-visita-da-nova-secretaria-estadual-de-saude\/","url":"https:\/\/fghsaude.org.br\/home\/upae-carpina-recebe-visita-da-nova-secretaria-estadual-de-saude\/","name":"UPAE Carpina recebe visita da nova Secret\u00e1ria Estadual de Sa\u00fade - FGH \/ Funda&ccedil;&atilde;o Gest&atilde;o Hospitalar Martiniano Fernandes","isPartOf":{"@id":"https:\/\/fghsaude.org.br\/home\/#website"},"datePublished":"2023-05-05T11:44:18+00:00","dateModified":"2023-05-05T13:33:23+00:00","breadcrumb":{"@id":"https:\/\/fghsaude.org.br\/home\/upae-carpina-recebe-visita-da-nova-secretaria-estadual-de-saude\/#breadcrumb"},"inLanguage":"pt-BR","potentialAction":[{"@type":"ReadAction","target":["https:\/\/fghsaude.org.br\/home\/upae-carpina-recebe-visita-da-nova-secretaria-estadual-de-saude\/"]}]},{"@type":"BreadcrumbList","@id":"https:\/\/fghsaude.org.br\/home\/upae-carpina-recebe-visita-da-nova-secretaria-estadual-de-saude\/#breadcrumb","itemListElement":[{"@type":"ListItem","position":1,"name":"In\u00edcio","item":"https:\/\/fghsaude.org.br\/home\/"},{"@type":"ListItem","position":2,"name":"UPAE Carpina recebe visita da nova Secret\u00e1ria Estadual de Sa\u00fade"}]},{"@type":"WebSite","@id":"https:\/\/fghsaude.org.br\/home\/#website","url":"https:\/\/fghsaude.org.br\/home\/","name":"FGH \/ Funda&ccedil;&atilde;o Gest&atilde;o Hospitalar Martiniano Fernandes","description":"Site da Funda&ccedil;&atilde;o Gest&atilde;o Hospitalar Martiniano Fernandes","publisher":{"@id":"https:\/\/fghsaude.org.br\/home\/#organization"},"potentialAction":[{"@type":"SearchAction","target":{"@type":"EntryPoint","urlTemplate":"https:\/\/fghsaude.org.br\/home\/?s={search_term_string}"},"query-input":{"@type":"PropertyValueSpecification","valueRequired":true,"valueName":"search_term_string"}}],"inLanguage":"pt-BR"},{"@type":"Organization","@id":"https:\/\/fghsaude.org.br\/home\/#organization","name":"FGH \/ Funda&ccedil;&atilde;o Gest&atilde;o Hospitalar Martiniano Fernandes","url":"https:\/\/fghsaude.org.br\/home\/","logo":{"@type":"ImageObject","inLanguage":"pt-BR","@id":"https:\/\/fghsaude.org.br\/home\/#\/schema\/logo\/image\/","url":"https:\/\/fghsaude.org.br\/home\/wp-content\/uploads\/2022\/11\/logotipo.png","contentUrl":"https:\/\/fghsaude.org.br\/home\/wp-content\/uploads\/2022\/11\/logotipo.png","width":182,"height":47,"caption":"FGH \/ Funda&ccedil;&atilde;o Gest&atilde;o Hospitalar Martiniano Fernandes"},"image":{"@id":"https:\/\/fghsaude.org.br\/home\/#\/schema\/logo\/image\/"},"sameAs":["https:\/\/www.instagram.com\/fghsaude\/"]},{"@type":"Person","@id":"https:\/\/fghsaude.org.br\/home\/#\/schema\/person\/575b203cbe04278988ea9d801e5033ae","name":"Isis lima","image":{"@type":"ImageObject","inLanguage":"pt-BR","@id":"https:\/\/secure.gravatar.com\/avatar\/4a4fb55f22627276365ebebfaf550f7681c43c32e0bcedab87bdeb6a0dfceaad?s=96&d=mm&r=g","url":"https:\/\/secure.gravatar.com\/avatar\/4a4fb55f22627276365ebebfaf550f7681c43c32e0bcedab87bdeb6a0dfceaad?s=96&d=mm&r=g","contentUrl":"https:\/\/secure.gravatar.com\/avatar\/4a4fb55f22627276365ebebfaf550f7681c43c32e0bcedab87bdeb6a0dfceaad?s=96&d=mm&r=g","caption":"Isis lima"},"url":"https:\/\/fghsaude.org.br\/home\/author\/isis-lima\/"}]}},"_links":{"self":[{"href":"https:\/\/fghsaude.org.br\/home\/wp-json\/wp\/v2\/posts\/2415","targetHints":{"allow":["GET"]}}],"collection":[{"href":"https:\/\/fghsaude.org.br\/home\/wp-json\/wp\/v2\/posts"}],"about":[{"href":"https:\/\/fghsaude.org.br\/home\/wp-json\/wp\/v2\/types\/post"}],"author":[{"embeddable":true,"href":"https:\/\/fghsaude.org.br\/home\/wp-json\/wp\/v2\/users\/6"}],"replies":[{"embeddable":true,"href":"https:\/\/fghsaude.org.br\/home\/wp-json\/wp\/v2\/comments?post=2415"}],"version-history":[{"count":3,"href":"https:\/\/fghsaude.org.br\/home\/wp-json\/wp\/v2\/posts\/2415\/revisions"}],"predecessor-version":[{"id":2428,"href":"https:\/\/fghsaude.org.br\/home\/wp-json\/wp\/v2\/posts\/2415\/revisions\/2428"}],"wp:attachment":[{"href":"https:\/\/fghsaude.org.br\/home\/wp-json\/wp\/v2\/media?parent=2415"}],"wp:term":[{"taxonomy":"category","embeddable":true,"href":"https:\/\/fghsaude.org.br\/home\/wp-json\/wp\/v2\/categories?post=2415"},{"taxonomy":"post_tag","embeddable":true,"href":"https:\/\/fghsaude.org.br\/home\/wp-json\/wp\/v2\/tags?post=2415"}],"curies":[{"name":"wp","href":"https:\/\/api.w.org\/{rel}","templated":true}]}}