{"id":1715,"date":"2023-01-25T08:19:24","date_gmt":"2023-01-25T11:19:24","guid":{"rendered":"https:\/\/fghsaude.org.br\/home\/?p=1715"},"modified":"2023-01-25T08:46:56","modified_gmt":"2023-01-25T11:46:56","slug":"hps-e-o-1o-hospital-a-iniciar-modulo-de-lideranca-de-media-gestao-promovido-pela-fgh","status":"publish","type":"post","link":"https:\/\/fghsaude.org.br\/home\/hps-e-o-1o-hospital-a-iniciar-modulo-de-lideranca-de-media-gestao-promovido-pela-fgh\/","title":{"rendered":"HPS \u00e9 o 1\u00ba hospital a iniciar m\u00f3dulo de Lideran\u00e7a de M\u00e9dia Gest\u00e3o, promovido pela FGH\u00a0"},"content":{"rendered":"\n<p><strong><em>25 de janeiro de 2023 <\/em>&#8211; <\/strong>Coordenadores e supervisores de diversas \u00e1reas do Hospital Pel\u00f3pidas Silveira (HPS), no Recife, participaram, nessa segunda-feira (23\/01), do primeiro m\u00f3dulo da Trilha de Desenvolvimento de L\u00edderes de M\u00e9dia Gest\u00e3o, promovido pela Funda\u00e7\u00e3o de Gest\u00e3o Hospitalar Martiniano Fernandes (FGH). A unidade hospitalar foi a primeira a receber o workshop ministrado em parceira com a consultoria especializada em desenvolvimento humano e organizacional ASeleta, tendo como facilitadora a psic\u00f3loga Tatiana Pitt. &nbsp;<\/p>\n\n\n<div class=\"wp-block-image\">\n<figure class=\"aligncenter size-full is-resized\"><img fetchpriority=\"high\" decoding=\"async\" src=\"https:\/\/fghsaude.org.br\/home\/wp-content\/uploads\/2023\/01\/programa-de-lideranca_hps_2023-2.jpg\" alt=\"\" class=\"wp-image-1716\" width=\"531\" height=\"335\" srcset=\"https:\/\/fghsaude.org.br\/home\/wp-content\/uploads\/2023\/01\/programa-de-lideranca_hps_2023-2.jpg 700w, https:\/\/fghsaude.org.br\/home\/wp-content\/uploads\/2023\/01\/programa-de-lideranca_hps_2023-2-300x189.jpg 300w\" sizes=\"(max-width: 531px) 100vw, 531px\" \/><\/figure>\n<\/div>\n\n\n<p>A Trilha de Desenvolvimento, que faz parte do Plano de Desenvolvimento de Lideran\u00e7a (PDL) de M\u00e9dia Gest\u00e3o, ser\u00e1 composta por cinco m\u00f3dulos com encontros mensais. &#8220;Sabemos da import\u00e2ncia do cargo de gest\u00e3o na \u00e1rea da sa\u00fade, assim como da forma\u00e7\u00e3o de l\u00edderes e gest\u00e3o de equipes. Fico feliz que o Pel\u00f3pidas tenha sido pioneiro ao receber essa forma\u00e7\u00e3o de Lideran\u00e7a de M\u00e9dia Gest\u00e3o e esperamos que esses momentos possam ser vivenciados da melhor forma, visando sempre uma atua\u00e7\u00e3o mais qualificada&#8221;, pontuou a diretora geral do HPS, Adelaide Caldas Cabral.&nbsp;<\/p>\n\n\n\n<div style=\"height:36px\" aria-hidden=\"true\" class=\"wp-block-spacer\"><\/div>\n\n\n\n<p>O workshop, que contou com momentos de intera\u00e7\u00e3o e din\u00e2micas em grupo, trabalhou temas como seguran\u00e7a psicol\u00f3gica, o papel do gestor e os tipos de lideran\u00e7a. &#8220;Nesse primeiro m\u00f3dulo trouxemos o tema Lideran\u00e7a e Gest\u00e3o de Equipes, apresentando de forma introdut\u00f3ria os fundamentos da lideran\u00e7a. A cada momento da Trilha, novos temas ser\u00e3o expostos aos grupos no intuito de focar no desenvolvimento de uma lideran\u00e7a com mais responsabilidade&#8221;, explicou a coordenadora de Desenvolvimento de Equipes e Lideran\u00e7a da FGH, Cristiane Silva.&nbsp;<\/p>\n","protected":false},"excerpt":{"rendered":"<p>O workshop trabalhou temas como seguran\u00e7a psicol\u00f3gica, o papel do gestor e os tipos de lideran\u00e7a<\/p>\n","protected":false},"author":6,"featured_media":0,"comment_status":"open","ping_status":"open","sticky":false,"template":"","format":"standard","meta":{"footnotes":""},"categories":[3],"tags":[],"class_list":["post-1715","post","type-post","status-publish","format-standard","hentry","category-noticia"],"yoast_head":"<!-- This site is optimized with the Yoast SEO plugin v27.4 - https:\/\/yoast.com\/product\/yoast-seo-wordpress\/ -->\n<title>HPS \u00e9 o 1\u00ba hospital a iniciar m\u00f3dulo de Lideran\u00e7a de M\u00e9dia Gest\u00e3o, promovido pela FGH\u00a0 - FGH \/ Funda&ccedil;&atilde;o Gest&atilde;o Hospitalar Martiniano Fernandes<\/title>\n<meta name=\"robots\" content=\"index, follow, max-snippet:-1, max-image-preview:large, max-video-preview:-1\" \/>\n<link rel=\"canonical\" href=\"https:\/\/fghsaude.org.br\/home\/hps-e-o-1o-hospital-a-iniciar-modulo-de-lideranca-de-media-gestao-promovido-pela-fgh\/\" \/>\n<meta property=\"og:locale\" content=\"pt_BR\" \/>\n<meta property=\"og:type\" content=\"article\" \/>\n<meta property=\"og:title\" content=\"HPS \u00e9 o 1\u00ba hospital a iniciar m\u00f3dulo de Lideran\u00e7a de M\u00e9dia Gest\u00e3o, promovido pela FGH\u00a0 - FGH \/ Funda&ccedil;&atilde;o Gest&atilde;o Hospitalar Martiniano Fernandes\" \/>\n<meta property=\"og:description\" content=\"O workshop trabalhou temas como seguran\u00e7a psicol\u00f3gica, o papel do gestor e os tipos de lideran\u00e7a\" \/>\n<meta property=\"og:url\" content=\"https:\/\/fghsaude.org.br\/home\/hps-e-o-1o-hospital-a-iniciar-modulo-de-lideranca-de-media-gestao-promovido-pela-fgh\/\" \/>\n<meta property=\"og:site_name\" content=\"FGH \/ Funda&ccedil;&atilde;o Gest&atilde;o Hospitalar Martiniano Fernandes\" \/>\n<meta property=\"article:published_time\" content=\"2023-01-25T11:19:24+00:00\" \/>\n<meta property=\"article:modified_time\" content=\"2023-01-25T11:46:56+00:00\" \/>\n<meta property=\"og:image\" content=\"https:\/\/fghsaude.org.br\/home\/wp-content\/uploads\/2023\/01\/programa-de-lideranca_hps_2023-2.jpg\" \/>\n<meta name=\"author\" content=\"Isis lima\" \/>\n<meta name=\"twitter:card\" content=\"summary_large_image\" \/>\n<meta name=\"twitter:label1\" content=\"Escrito por\" \/>\n\t<meta name=\"twitter:data1\" content=\"Isis lima\" \/>\n\t<meta name=\"twitter:label2\" content=\"Est. tempo de leitura\" \/>\n\t<meta name=\"twitter:data2\" content=\"2 minutos\" \/>\n<script type=\"application\/ld+json\" class=\"yoast-schema-graph\">{\"@context\":\"https:\\\/\\\/schema.org\",\"@graph\":[{\"@type\":\"Article\",\"@id\":\"https:\\\/\\\/fghsaude.org.br\\\/home\\\/hps-e-o-1o-hospital-a-iniciar-modulo-de-lideranca-de-media-gestao-promovido-pela-fgh\\\/#article\",\"isPartOf\":{\"@id\":\"https:\\\/\\\/fghsaude.org.br\\\/home\\\/hps-e-o-1o-hospital-a-iniciar-modulo-de-lideranca-de-media-gestao-promovido-pela-fgh\\\/\"},\"author\":{\"name\":\"Isis lima\",\"@id\":\"https:\\\/\\\/fghsaude.org.br\\\/home\\\/#\\\/schema\\\/person\\\/575b203cbe04278988ea9d801e5033ae\"},\"headline\":\"HPS \u00e9 o 1\u00ba hospital a iniciar m\u00f3dulo de Lideran\u00e7a de M\u00e9dia Gest\u00e3o, promovido pela FGH\u00a0\",\"datePublished\":\"2023-01-25T11:19:24+00:00\",\"dateModified\":\"2023-01-25T11:46:56+00:00\",\"mainEntityOfPage\":{\"@id\":\"https:\\\/\\\/fghsaude.org.br\\\/home\\\/hps-e-o-1o-hospital-a-iniciar-modulo-de-lideranca-de-media-gestao-promovido-pela-fgh\\\/\"},\"wordCount\":299,\"commentCount\":0,\"publisher\":{\"@id\":\"https:\\\/\\\/fghsaude.org.br\\\/home\\\/#organization\"},\"image\":{\"@id\":\"https:\\\/\\\/fghsaude.org.br\\\/home\\\/hps-e-o-1o-hospital-a-iniciar-modulo-de-lideranca-de-media-gestao-promovido-pela-fgh\\\/#primaryimage\"},\"thumbnailUrl\":\"https:\\\/\\\/fghsaude.org.br\\\/home\\\/wp-content\\\/uploads\\\/2023\\\/01\\\/programa-de-lideranca_hps_2023-2.jpg\",\"articleSection\":[\"Not\u00edcias\"],\"inLanguage\":\"pt-BR\",\"potentialAction\":[{\"@type\":\"CommentAction\",\"name\":\"Comment\",\"target\":[\"https:\\\/\\\/fghsaude.org.br\\\/home\\\/hps-e-o-1o-hospital-a-iniciar-modulo-de-lideranca-de-media-gestao-promovido-pela-fgh\\\/#respond\"]}]},{\"@type\":\"WebPage\",\"@id\":\"https:\\\/\\\/fghsaude.org.br\\\/home\\\/hps-e-o-1o-hospital-a-iniciar-modulo-de-lideranca-de-media-gestao-promovido-pela-fgh\\\/\",\"url\":\"https:\\\/\\\/fghsaude.org.br\\\/home\\\/hps-e-o-1o-hospital-a-iniciar-modulo-de-lideranca-de-media-gestao-promovido-pela-fgh\\\/\",\"name\":\"HPS \u00e9 o 1\u00ba hospital a iniciar m\u00f3dulo de Lideran\u00e7a de M\u00e9dia Gest\u00e3o, promovido pela FGH\u00a0 - FGH \\\/ Funda&ccedil;&atilde;o Gest&atilde;o Hospitalar Martiniano Fernandes\",\"isPartOf\":{\"@id\":\"https:\\\/\\\/fghsaude.org.br\\\/home\\\/#website\"},\"primaryImageOfPage\":{\"@id\":\"https:\\\/\\\/fghsaude.org.br\\\/home\\\/hps-e-o-1o-hospital-a-iniciar-modulo-de-lideranca-de-media-gestao-promovido-pela-fgh\\\/#primaryimage\"},\"image\":{\"@id\":\"https:\\\/\\\/fghsaude.org.br\\\/home\\\/hps-e-o-1o-hospital-a-iniciar-modulo-de-lideranca-de-media-gestao-promovido-pela-fgh\\\/#primaryimage\"},\"thumbnailUrl\":\"https:\\\/\\\/fghsaude.org.br\\\/home\\\/wp-content\\\/uploads\\\/2023\\\/01\\\/programa-de-lideranca_hps_2023-2.jpg\",\"datePublished\":\"2023-01-25T11:19:24+00:00\",\"dateModified\":\"2023-01-25T11:46:56+00:00\",\"breadcrumb\":{\"@id\":\"https:\\\/\\\/fghsaude.org.br\\\/home\\\/hps-e-o-1o-hospital-a-iniciar-modulo-de-lideranca-de-media-gestao-promovido-pela-fgh\\\/#breadcrumb\"},\"inLanguage\":\"pt-BR\",\"potentialAction\":[{\"@type\":\"ReadAction\",\"target\":[\"https:\\\/\\\/fghsaude.org.br\\\/home\\\/hps-e-o-1o-hospital-a-iniciar-modulo-de-lideranca-de-media-gestao-promovido-pela-fgh\\\/\"]}]},{\"@type\":\"ImageObject\",\"inLanguage\":\"pt-BR\",\"@id\":\"https:\\\/\\\/fghsaude.org.br\\\/home\\\/hps-e-o-1o-hospital-a-iniciar-modulo-de-lideranca-de-media-gestao-promovido-pela-fgh\\\/#primaryimage\",\"url\":\"https:\\\/\\\/fghsaude.org.br\\\/home\\\/wp-content\\\/uploads\\\/2023\\\/01\\\/programa-de-lideranca_hps_2023-2.jpg\",\"contentUrl\":\"https:\\\/\\\/fghsaude.org.br\\\/home\\\/wp-content\\\/uploads\\\/2023\\\/01\\\/programa-de-lideranca_hps_2023-2.jpg\",\"width\":700,\"height\":442},{\"@type\":\"BreadcrumbList\",\"@id\":\"https:\\\/\\\/fghsaude.org.br\\\/home\\\/hps-e-o-1o-hospital-a-iniciar-modulo-de-lideranca-de-media-gestao-promovido-pela-fgh\\\/#breadcrumb\",\"itemListElement\":[{\"@type\":\"ListItem\",\"position\":1,\"name\":\"In\u00edcio\",\"item\":\"https:\\\/\\\/fghsaude.org.br\\\/home\\\/\"},{\"@type\":\"ListItem\",\"position\":2,\"name\":\"HPS \u00e9 o 1\u00ba hospital a iniciar m\u00f3dulo de Lideran\u00e7a de M\u00e9dia Gest\u00e3o, promovido pela FGH\u00a0\"}]},{\"@type\":\"WebSite\",\"@id\":\"https:\\\/\\\/fghsaude.org.br\\\/home\\\/#website\",\"url\":\"https:\\\/\\\/fghsaude.org.br\\\/home\\\/\",\"name\":\"FGH \\\/ Funda&ccedil;&atilde;o Gest&atilde;o Hospitalar Martiniano Fernandes\",\"description\":\"Site da Funda&ccedil;&atilde;o Gest&atilde;o Hospitalar Martiniano Fernandes\",\"publisher\":{\"@id\":\"https:\\\/\\\/fghsaude.org.br\\\/home\\\/#organization\"},\"potentialAction\":[{\"@type\":\"SearchAction\",\"target\":{\"@type\":\"EntryPoint\",\"urlTemplate\":\"https:\\\/\\\/fghsaude.org.br\\\/home\\\/?s={search_term_string}\"},\"query-input\":{\"@type\":\"PropertyValueSpecification\",\"valueRequired\":true,\"valueName\":\"search_term_string\"}}],\"inLanguage\":\"pt-BR\"},{\"@type\":\"Organization\",\"@id\":\"https:\\\/\\\/fghsaude.org.br\\\/home\\\/#organization\",\"name\":\"FGH \\\/ Funda&ccedil;&atilde;o Gest&atilde;o Hospitalar Martiniano Fernandes\",\"url\":\"https:\\\/\\\/fghsaude.org.br\\\/home\\\/\",\"logo\":{\"@type\":\"ImageObject\",\"inLanguage\":\"pt-BR\",\"@id\":\"https:\\\/\\\/fghsaude.org.br\\\/home\\\/#\\\/schema\\\/logo\\\/image\\\/\",\"url\":\"https:\\\/\\\/fghsaude.org.br\\\/home\\\/wp-content\\\/uploads\\\/2022\\\/11\\\/logotipo.png\",\"contentUrl\":\"https:\\\/\\\/fghsaude.org.br\\\/home\\\/wp-content\\\/uploads\\\/2022\\\/11\\\/logotipo.png\",\"width\":182,\"height\":47,\"caption\":\"FGH \\\/ Funda&ccedil;&atilde;o Gest&atilde;o Hospitalar Martiniano Fernandes\"},\"image\":{\"@id\":\"https:\\\/\\\/fghsaude.org.br\\\/home\\\/#\\\/schema\\\/logo\\\/image\\\/\"},\"sameAs\":[\"https:\\\/\\\/www.instagram.com\\\/fghsaude\\\/\"]},{\"@type\":\"Person\",\"@id\":\"https:\\\/\\\/fghsaude.org.br\\\/home\\\/#\\\/schema\\\/person\\\/575b203cbe04278988ea9d801e5033ae\",\"name\":\"Isis lima\",\"image\":{\"@type\":\"ImageObject\",\"inLanguage\":\"pt-BR\",\"@id\":\"https:\\\/\\\/secure.gravatar.com\\\/avatar\\\/4a4fb55f22627276365ebebfaf550f7681c43c32e0bcedab87bdeb6a0dfceaad?s=96&d=mm&r=g\",\"url\":\"https:\\\/\\\/secure.gravatar.com\\\/avatar\\\/4a4fb55f22627276365ebebfaf550f7681c43c32e0bcedab87bdeb6a0dfceaad?s=96&d=mm&r=g\",\"contentUrl\":\"https:\\\/\\\/secure.gravatar.com\\\/avatar\\\/4a4fb55f22627276365ebebfaf550f7681c43c32e0bcedab87bdeb6a0dfceaad?s=96&d=mm&r=g\",\"caption\":\"Isis lima\"},\"url\":\"https:\\\/\\\/fghsaude.org.br\\\/home\\\/author\\\/isis-lima\\\/\"}]}<\/script>\n<!-- \/ Yoast SEO plugin. -->","yoast_head_json":{"title":"HPS \u00e9 o 1\u00ba hospital a iniciar m\u00f3dulo de Lideran\u00e7a de M\u00e9dia Gest\u00e3o, promovido pela FGH\u00a0 - FGH \/ Funda&ccedil;&atilde;o Gest&atilde;o Hospitalar Martiniano Fernandes","robots":{"index":"index","follow":"follow","max-snippet":"max-snippet:-1","max-image-preview":"max-image-preview:large","max-video-preview":"max-video-preview:-1"},"canonical":"https:\/\/fghsaude.org.br\/home\/hps-e-o-1o-hospital-a-iniciar-modulo-de-lideranca-de-media-gestao-promovido-pela-fgh\/","og_locale":"pt_BR","og_type":"article","og_title":"HPS \u00e9 o 1\u00ba hospital a iniciar m\u00f3dulo de Lideran\u00e7a de M\u00e9dia Gest\u00e3o, promovido pela FGH\u00a0 - FGH \/ Funda&ccedil;&atilde;o Gest&atilde;o Hospitalar Martiniano Fernandes","og_description":"O workshop trabalhou temas como seguran\u00e7a psicol\u00f3gica, o papel do gestor e os tipos de lideran\u00e7a","og_url":"https:\/\/fghsaude.org.br\/home\/hps-e-o-1o-hospital-a-iniciar-modulo-de-lideranca-de-media-gestao-promovido-pela-fgh\/","og_site_name":"FGH \/ Funda&ccedil;&atilde;o Gest&atilde;o Hospitalar Martiniano Fernandes","article_published_time":"2023-01-25T11:19:24+00:00","article_modified_time":"2023-01-25T11:46:56+00:00","og_image":[{"url":"https:\/\/fghsaude.org.br\/home\/wp-content\/uploads\/2023\/01\/programa-de-lideranca_hps_2023-2.jpg","type":"","width":"","height":""}],"author":"Isis lima","twitter_card":"summary_large_image","twitter_misc":{"Escrito por":"Isis lima","Est. tempo de leitura":"2 minutos"},"schema":{"@context":"https:\/\/schema.org","@graph":[{"@type":"Article","@id":"https:\/\/fghsaude.org.br\/home\/hps-e-o-1o-hospital-a-iniciar-modulo-de-lideranca-de-media-gestao-promovido-pela-fgh\/#article","isPartOf":{"@id":"https:\/\/fghsaude.org.br\/home\/hps-e-o-1o-hospital-a-iniciar-modulo-de-lideranca-de-media-gestao-promovido-pela-fgh\/"},"author":{"name":"Isis lima","@id":"https:\/\/fghsaude.org.br\/home\/#\/schema\/person\/575b203cbe04278988ea9d801e5033ae"},"headline":"HPS \u00e9 o 1\u00ba hospital a iniciar m\u00f3dulo de Lideran\u00e7a de M\u00e9dia Gest\u00e3o, promovido pela FGH\u00a0","datePublished":"2023-01-25T11:19:24+00:00","dateModified":"2023-01-25T11:46:56+00:00","mainEntityOfPage":{"@id":"https:\/\/fghsaude.org.br\/home\/hps-e-o-1o-hospital-a-iniciar-modulo-de-lideranca-de-media-gestao-promovido-pela-fgh\/"},"wordCount":299,"commentCount":0,"publisher":{"@id":"https:\/\/fghsaude.org.br\/home\/#organization"},"image":{"@id":"https:\/\/fghsaude.org.br\/home\/hps-e-o-1o-hospital-a-iniciar-modulo-de-lideranca-de-media-gestao-promovido-pela-fgh\/#primaryimage"},"thumbnailUrl":"https:\/\/fghsaude.org.br\/home\/wp-content\/uploads\/2023\/01\/programa-de-lideranca_hps_2023-2.jpg","articleSection":["Not\u00edcias"],"inLanguage":"pt-BR","potentialAction":[{"@type":"CommentAction","name":"Comment","target":["https:\/\/fghsaude.org.br\/home\/hps-e-o-1o-hospital-a-iniciar-modulo-de-lideranca-de-media-gestao-promovido-pela-fgh\/#respond"]}]},{"@type":"WebPage","@id":"https:\/\/fghsaude.org.br\/home\/hps-e-o-1o-hospital-a-iniciar-modulo-de-lideranca-de-media-gestao-promovido-pela-fgh\/","url":"https:\/\/fghsaude.org.br\/home\/hps-e-o-1o-hospital-a-iniciar-modulo-de-lideranca-de-media-gestao-promovido-pela-fgh\/","name":"HPS \u00e9 o 1\u00ba hospital a iniciar m\u00f3dulo de Lideran\u00e7a de M\u00e9dia Gest\u00e3o, promovido pela FGH\u00a0 - FGH \/ Funda&ccedil;&atilde;o Gest&atilde;o Hospitalar Martiniano Fernandes","isPartOf":{"@id":"https:\/\/fghsaude.org.br\/home\/#website"},"primaryImageOfPage":{"@id":"https:\/\/fghsaude.org.br\/home\/hps-e-o-1o-hospital-a-iniciar-modulo-de-lideranca-de-media-gestao-promovido-pela-fgh\/#primaryimage"},"image":{"@id":"https:\/\/fghsaude.org.br\/home\/hps-e-o-1o-hospital-a-iniciar-modulo-de-lideranca-de-media-gestao-promovido-pela-fgh\/#primaryimage"},"thumbnailUrl":"https:\/\/fghsaude.org.br\/home\/wp-content\/uploads\/2023\/01\/programa-de-lideranca_hps_2023-2.jpg","datePublished":"2023-01-25T11:19:24+00:00","dateModified":"2023-01-25T11:46:56+00:00","breadcrumb":{"@id":"https:\/\/fghsaude.org.br\/home\/hps-e-o-1o-hospital-a-iniciar-modulo-de-lideranca-de-media-gestao-promovido-pela-fgh\/#breadcrumb"},"inLanguage":"pt-BR","potentialAction":[{"@type":"ReadAction","target":["https:\/\/fghsaude.org.br\/home\/hps-e-o-1o-hospital-a-iniciar-modulo-de-lideranca-de-media-gestao-promovido-pela-fgh\/"]}]},{"@type":"ImageObject","inLanguage":"pt-BR","@id":"https:\/\/fghsaude.org.br\/home\/hps-e-o-1o-hospital-a-iniciar-modulo-de-lideranca-de-media-gestao-promovido-pela-fgh\/#primaryimage","url":"https:\/\/fghsaude.org.br\/home\/wp-content\/uploads\/2023\/01\/programa-de-lideranca_hps_2023-2.jpg","contentUrl":"https:\/\/fghsaude.org.br\/home\/wp-content\/uploads\/2023\/01\/programa-de-lideranca_hps_2023-2.jpg","width":700,"height":442},{"@type":"BreadcrumbList","@id":"https:\/\/fghsaude.org.br\/home\/hps-e-o-1o-hospital-a-iniciar-modulo-de-lideranca-de-media-gestao-promovido-pela-fgh\/#breadcrumb","itemListElement":[{"@type":"ListItem","position":1,"name":"In\u00edcio","item":"https:\/\/fghsaude.org.br\/home\/"},{"@type":"ListItem","position":2,"name":"HPS \u00e9 o 1\u00ba hospital a iniciar m\u00f3dulo de Lideran\u00e7a de M\u00e9dia Gest\u00e3o, promovido pela FGH\u00a0"}]},{"@type":"WebSite","@id":"https:\/\/fghsaude.org.br\/home\/#website","url":"https:\/\/fghsaude.org.br\/home\/","name":"FGH \/ Funda&ccedil;&atilde;o Gest&atilde;o Hospitalar Martiniano Fernandes","description":"Site da Funda&ccedil;&atilde;o Gest&atilde;o Hospitalar Martiniano Fernandes","publisher":{"@id":"https:\/\/fghsaude.org.br\/home\/#organization"},"potentialAction":[{"@type":"SearchAction","target":{"@type":"EntryPoint","urlTemplate":"https:\/\/fghsaude.org.br\/home\/?s={search_term_string}"},"query-input":{"@type":"PropertyValueSpecification","valueRequired":true,"valueName":"search_term_string"}}],"inLanguage":"pt-BR"},{"@type":"Organization","@id":"https:\/\/fghsaude.org.br\/home\/#organization","name":"FGH \/ Funda&ccedil;&atilde;o Gest&atilde;o Hospitalar Martiniano Fernandes","url":"https:\/\/fghsaude.org.br\/home\/","logo":{"@type":"ImageObject","inLanguage":"pt-BR","@id":"https:\/\/fghsaude.org.br\/home\/#\/schema\/logo\/image\/","url":"https:\/\/fghsaude.org.br\/home\/wp-content\/uploads\/2022\/11\/logotipo.png","contentUrl":"https:\/\/fghsaude.org.br\/home\/wp-content\/uploads\/2022\/11\/logotipo.png","width":182,"height":47,"caption":"FGH \/ Funda&ccedil;&atilde;o Gest&atilde;o Hospitalar Martiniano Fernandes"},"image":{"@id":"https:\/\/fghsaude.org.br\/home\/#\/schema\/logo\/image\/"},"sameAs":["https:\/\/www.instagram.com\/fghsaude\/"]},{"@type":"Person","@id":"https:\/\/fghsaude.org.br\/home\/#\/schema\/person\/575b203cbe04278988ea9d801e5033ae","name":"Isis lima","image":{"@type":"ImageObject","inLanguage":"pt-BR","@id":"https:\/\/secure.gravatar.com\/avatar\/4a4fb55f22627276365ebebfaf550f7681c43c32e0bcedab87bdeb6a0dfceaad?s=96&d=mm&r=g","url":"https:\/\/secure.gravatar.com\/avatar\/4a4fb55f22627276365ebebfaf550f7681c43c32e0bcedab87bdeb6a0dfceaad?s=96&d=mm&r=g","contentUrl":"https:\/\/secure.gravatar.com\/avatar\/4a4fb55f22627276365ebebfaf550f7681c43c32e0bcedab87bdeb6a0dfceaad?s=96&d=mm&r=g","caption":"Isis lima"},"url":"https:\/\/fghsaude.org.br\/home\/author\/isis-lima\/"}]}},"_links":{"self":[{"href":"https:\/\/fghsaude.org.br\/home\/wp-json\/wp\/v2\/posts\/1715","targetHints":{"allow":["GET"]}}],"collection":[{"href":"https:\/\/fghsaude.org.br\/home\/wp-json\/wp\/v2\/posts"}],"about":[{"href":"https:\/\/fghsaude.org.br\/home\/wp-json\/wp\/v2\/types\/post"}],"author":[{"embeddable":true,"href":"https:\/\/fghsaude.org.br\/home\/wp-json\/wp\/v2\/users\/6"}],"replies":[{"embeddable":true,"href":"https:\/\/fghsaude.org.br\/home\/wp-json\/wp\/v2\/comments?post=1715"}],"version-history":[{"count":3,"href":"https:\/\/fghsaude.org.br\/home\/wp-json\/wp\/v2\/posts\/1715\/revisions"}],"predecessor-version":[{"id":1725,"href":"https:\/\/fghsaude.org.br\/home\/wp-json\/wp\/v2\/posts\/1715\/revisions\/1725"}],"wp:attachment":[{"href":"https:\/\/fghsaude.org.br\/home\/wp-json\/wp\/v2\/media?parent=1715"}],"wp:term":[{"taxonomy":"category","embeddable":true,"href":"https:\/\/fghsaude.org.br\/home\/wp-json\/wp\/v2\/categories?post=1715"},{"taxonomy":"post_tag","embeddable":true,"href":"https:\/\/fghsaude.org.br\/home\/wp-json\/wp\/v2\/tags?post=1715"}],"curies":[{"name":"wp","href":"https:\/\/api.w.org\/{rel}","templated":true}]}}