{"id":1524,"date":"2022-12-29T08:04:09","date_gmt":"2022-12-29T11:04:09","guid":{"rendered":"https:\/\/fghsaude.org.br\/home\/?p=1524"},"modified":"2022-12-29T08:04:13","modified_gmt":"2022-12-29T11:04:13","slug":"oculos-de-realidade-virtual-viram-recurso-terapeutico-em-pacientes-internados-no-hecpi","status":"publish","type":"post","link":"https:\/\/fghsaude.org.br\/home\/oculos-de-realidade-virtual-viram-recurso-terapeutico-em-pacientes-internados-no-hecpi\/","title":{"rendered":"\u00d3culos de realidade virtual viram recurso terap\u00eautico em pacientes internados no HECPI"},"content":{"rendered":"\n<p><strong><em>29 de dezembro de 2022 <\/em><\/strong>&#8211; Refer\u00eancia no cuidado \u00e0s pessoas a partir de 60 anos, o Hospital Eduardo Campos da Pessoa Idosa (HECPI), no Recife, tamb\u00e9m se consolida como modelo de assist\u00eancia multidisciplinar. Para al\u00e9m dos recursos tradicionais, a tecnologia tem sido uma grande aliada durante o atendimento aos pacientes internados na unidade hospitalar. Os profissionais da equipe de terapia ocupacional lan\u00e7aram m\u00e3o da realidade virtual como recurso terap\u00eautico.<\/p>\n\n\n\n<p><\/p>\n\n\n\n<p>Para utilizar os \u00f3culos de realidade virtual, \u00e9 feita uma breve anamnese (entrevista realizada pelo profissional de sa\u00fade) para avaliar se o paciente possui algum d\u00e9ficit cognitivo grave, hist\u00f3rico de enxaqueca, labirintite ou epilepsia &#8211; condi\u00e7\u00f5es para as quais o uso da realidade virtual \u00e9 contraindicado. Os aplicativos utilizados para a imers\u00e3o s\u00e3o escolhidos individualmente, de acordo com o objetivo do tratamento de cada paciente.<\/p>\n\n\n\n<p><\/p>\n\n\n\n<p>A ideia surgiu a partir do desejo de uma paciente, internada no HECPI por um longo per\u00edodo ap\u00f3s sofrer um AVC, em retornar logo para casa. \u201cImplantar os \u00f3culos de realidade virtual na rotina de tratamentos da unidade vem da vontade da equipe de trazer uma assist\u00eancia diferenciada, inovadora e, ao mesmo tempo, de baixo custo&#8221;, afirma a coordenadora de Sa\u00fade funcional do HECPI, Cec\u00edlia Prado.<\/p>\n\n\n\n<p><\/p>\n\n\n\n<p>A \u201cpaciente-inspira\u00e7\u00e3o\u201d da equipe de terapia ocupacional apresentava sequelas motoras e de mem\u00f3ria. \u201cNo entanto, ela sempre demonstrava a saudade que sentia de realizar atividades cotidianas, como fazer feira. Atrav\u00e9s disso, pensamos em possibilitar essa experi\u00eancia atrav\u00e9s do metaverso, aproveitando para estimular a mem\u00f3ria\u201d, explica a terapeuta ocupacional da unidade hospitalar, Danyelle Lima.<\/p>\n\n\n\n<p>O metaverso \u00e9 um universo virtual que busca reproduzir o mundo real usando tecnologias como realidade virtual, realidade aumentada e internet. \u201cNo caso desse paciente em espec\u00edfico, usamos um jogo de compras, onde ele entrou virtualmente no supermercado e escolheu os itens. Ao final, estimulamos a mem\u00f3ria relembrando os produtos comprados e calculando o valor total das mercadorias\u201d, completa.<\/p>\n\n\n\n<p><\/p>\n\n\n\n<p>A equipe de terapia ocupacional do HECPI utiliza o modelo de realidade que funciona conectado ao software de um smartphone. \u201cA tecnologia funciona como recurso terap\u00eautico para trabalhar diversas demandas que envolvem as atividades de vida di\u00e1ria. Al\u00e9m disso, estimula aspectos sensoriais, motores e cognitivos, buscando associar sempre \u00e0 atividades significativas aos pacientes e, em alguns casos, em atendimento conjunto com a fisioterapia\u201d, afirma Danyelle.<\/p>\n\n\n\n<p><\/p>\n\n\n\n<p>Pesquisadores apontam que a ludicidade dos recursos influenciam no engajamento da atividade e na melhora mais r\u00e1pida do quadro cl\u00ednico. \u201cJ\u00e1 utilizamos aplicativos de futebol, por exemplo, para que o paciente realizasse o movimento de abaixar e levantar a cabe\u00e7a, associando aos exerc\u00edcios fonoaudiol\u00f3gicos. Outra op\u00e7\u00e3o foi a trilha com bicicleta associada ao cicloerg\u00f4metro (pedal) para trabalhar a resist\u00eancia e condi\u00e7\u00e3o cardiopulmonar do paciente\u201d, finaliza a terapeuta ocupacional.<\/p>\n","protected":false},"excerpt":{"rendered":"<p>O sistema \u00e9 usado para estimular aspectos sensoriais, motores e cognitivos das pessoas internadas<\/p>\n","protected":false},"author":6,"featured_media":0,"comment_status":"open","ping_status":"open","sticky":false,"template":"","format":"standard","meta":{"footnotes":""},"categories":[3],"tags":[],"class_list":["post-1524","post","type-post","status-publish","format-standard","hentry","category-noticia"],"yoast_head":"<!-- This site is optimized with the Yoast SEO plugin v27.5 - https:\/\/yoast.com\/product\/yoast-seo-wordpress\/ -->\n<title>\u00d3culos de realidade virtual viram recurso terap\u00eautico em pacientes internados no HECPI - FGH \/ Funda&ccedil;&atilde;o Gest&atilde;o Hospitalar Martiniano Fernandes<\/title>\n<meta name=\"robots\" content=\"index, follow, max-snippet:-1, max-image-preview:large, max-video-preview:-1\" \/>\n<link rel=\"canonical\" href=\"https:\/\/fghsaude.org.br\/home\/oculos-de-realidade-virtual-viram-recurso-terapeutico-em-pacientes-internados-no-hecpi\/\" \/>\n<meta property=\"og:locale\" content=\"pt_BR\" \/>\n<meta property=\"og:type\" content=\"article\" \/>\n<meta property=\"og:title\" content=\"\u00d3culos de realidade virtual viram recurso terap\u00eautico em pacientes internados no HECPI - FGH \/ Funda&ccedil;&atilde;o Gest&atilde;o Hospitalar Martiniano Fernandes\" \/>\n<meta property=\"og:description\" content=\"O sistema \u00e9 usado para estimular aspectos sensoriais, motores e cognitivos das pessoas internadas\" \/>\n<meta property=\"og:url\" content=\"https:\/\/fghsaude.org.br\/home\/oculos-de-realidade-virtual-viram-recurso-terapeutico-em-pacientes-internados-no-hecpi\/\" \/>\n<meta property=\"og:site_name\" content=\"FGH \/ Funda&ccedil;&atilde;o Gest&atilde;o Hospitalar Martiniano Fernandes\" \/>\n<meta property=\"article:published_time\" content=\"2022-12-29T11:04:09+00:00\" \/>\n<meta property=\"article:modified_time\" content=\"2022-12-29T11:04:13+00:00\" \/>\n<meta name=\"author\" content=\"Isis lima\" \/>\n<meta name=\"twitter:card\" content=\"summary_large_image\" \/>\n<meta name=\"twitter:label1\" content=\"Escrito por\" \/>\n\t<meta name=\"twitter:data1\" content=\"Isis lima\" \/>\n\t<meta name=\"twitter:label2\" content=\"Est. tempo de leitura\" \/>\n\t<meta name=\"twitter:data2\" content=\"3 minutos\" \/>\n<script type=\"application\/ld+json\" class=\"yoast-schema-graph\">{\"@context\":\"https:\\\/\\\/schema.org\",\"@graph\":[{\"@type\":\"Article\",\"@id\":\"https:\\\/\\\/fghsaude.org.br\\\/home\\\/oculos-de-realidade-virtual-viram-recurso-terapeutico-em-pacientes-internados-no-hecpi\\\/#article\",\"isPartOf\":{\"@id\":\"https:\\\/\\\/fghsaude.org.br\\\/home\\\/oculos-de-realidade-virtual-viram-recurso-terapeutico-em-pacientes-internados-no-hecpi\\\/\"},\"author\":{\"name\":\"Isis lima\",\"@id\":\"https:\\\/\\\/fghsaude.org.br\\\/home\\\/#\\\/schema\\\/person\\\/575b203cbe04278988ea9d801e5033ae\"},\"headline\":\"\u00d3culos de realidade virtual viram recurso terap\u00eautico em pacientes internados no HECPI\",\"datePublished\":\"2022-12-29T11:04:09+00:00\",\"dateModified\":\"2022-12-29T11:04:13+00:00\",\"mainEntityOfPage\":{\"@id\":\"https:\\\/\\\/fghsaude.org.br\\\/home\\\/oculos-de-realidade-virtual-viram-recurso-terapeutico-em-pacientes-internados-no-hecpi\\\/\"},\"wordCount\":490,\"commentCount\":0,\"publisher\":{\"@id\":\"https:\\\/\\\/fghsaude.org.br\\\/home\\\/#organization\"},\"articleSection\":[\"Not\u00edcias\"],\"inLanguage\":\"pt-BR\",\"potentialAction\":[{\"@type\":\"CommentAction\",\"name\":\"Comment\",\"target\":[\"https:\\\/\\\/fghsaude.org.br\\\/home\\\/oculos-de-realidade-virtual-viram-recurso-terapeutico-em-pacientes-internados-no-hecpi\\\/#respond\"]}]},{\"@type\":\"WebPage\",\"@id\":\"https:\\\/\\\/fghsaude.org.br\\\/home\\\/oculos-de-realidade-virtual-viram-recurso-terapeutico-em-pacientes-internados-no-hecpi\\\/\",\"url\":\"https:\\\/\\\/fghsaude.org.br\\\/home\\\/oculos-de-realidade-virtual-viram-recurso-terapeutico-em-pacientes-internados-no-hecpi\\\/\",\"name\":\"\u00d3culos de realidade virtual viram recurso terap\u00eautico em pacientes internados no HECPI - FGH \\\/ Funda&ccedil;&atilde;o Gest&atilde;o Hospitalar Martiniano Fernandes\",\"isPartOf\":{\"@id\":\"https:\\\/\\\/fghsaude.org.br\\\/home\\\/#website\"},\"datePublished\":\"2022-12-29T11:04:09+00:00\",\"dateModified\":\"2022-12-29T11:04:13+00:00\",\"breadcrumb\":{\"@id\":\"https:\\\/\\\/fghsaude.org.br\\\/home\\\/oculos-de-realidade-virtual-viram-recurso-terapeutico-em-pacientes-internados-no-hecpi\\\/#breadcrumb\"},\"inLanguage\":\"pt-BR\",\"potentialAction\":[{\"@type\":\"ReadAction\",\"target\":[\"https:\\\/\\\/fghsaude.org.br\\\/home\\\/oculos-de-realidade-virtual-viram-recurso-terapeutico-em-pacientes-internados-no-hecpi\\\/\"]}]},{\"@type\":\"BreadcrumbList\",\"@id\":\"https:\\\/\\\/fghsaude.org.br\\\/home\\\/oculos-de-realidade-virtual-viram-recurso-terapeutico-em-pacientes-internados-no-hecpi\\\/#breadcrumb\",\"itemListElement\":[{\"@type\":\"ListItem\",\"position\":1,\"name\":\"In\u00edcio\",\"item\":\"https:\\\/\\\/fghsaude.org.br\\\/home\\\/\"},{\"@type\":\"ListItem\",\"position\":2,\"name\":\"\u00d3culos de realidade virtual viram recurso terap\u00eautico em pacientes internados no HECPI\"}]},{\"@type\":\"WebSite\",\"@id\":\"https:\\\/\\\/fghsaude.org.br\\\/home\\\/#website\",\"url\":\"https:\\\/\\\/fghsaude.org.br\\\/home\\\/\",\"name\":\"FGH \\\/ Funda&ccedil;&atilde;o Gest&atilde;o Hospitalar Martiniano Fernandes\",\"description\":\"Site da Funda&ccedil;&atilde;o Gest&atilde;o Hospitalar Martiniano Fernandes\",\"publisher\":{\"@id\":\"https:\\\/\\\/fghsaude.org.br\\\/home\\\/#organization\"},\"potentialAction\":[{\"@type\":\"SearchAction\",\"target\":{\"@type\":\"EntryPoint\",\"urlTemplate\":\"https:\\\/\\\/fghsaude.org.br\\\/home\\\/?s={search_term_string}\"},\"query-input\":{\"@type\":\"PropertyValueSpecification\",\"valueRequired\":true,\"valueName\":\"search_term_string\"}}],\"inLanguage\":\"pt-BR\"},{\"@type\":\"Organization\",\"@id\":\"https:\\\/\\\/fghsaude.org.br\\\/home\\\/#organization\",\"name\":\"FGH \\\/ Funda&ccedil;&atilde;o Gest&atilde;o Hospitalar Martiniano Fernandes\",\"url\":\"https:\\\/\\\/fghsaude.org.br\\\/home\\\/\",\"logo\":{\"@type\":\"ImageObject\",\"inLanguage\":\"pt-BR\",\"@id\":\"https:\\\/\\\/fghsaude.org.br\\\/home\\\/#\\\/schema\\\/logo\\\/image\\\/\",\"url\":\"https:\\\/\\\/fghsaude.org.br\\\/home\\\/wp-content\\\/uploads\\\/2022\\\/11\\\/logotipo.png\",\"contentUrl\":\"https:\\\/\\\/fghsaude.org.br\\\/home\\\/wp-content\\\/uploads\\\/2022\\\/11\\\/logotipo.png\",\"width\":182,\"height\":47,\"caption\":\"FGH \\\/ Funda&ccedil;&atilde;o Gest&atilde;o Hospitalar Martiniano Fernandes\"},\"image\":{\"@id\":\"https:\\\/\\\/fghsaude.org.br\\\/home\\\/#\\\/schema\\\/logo\\\/image\\\/\"},\"sameAs\":[\"https:\\\/\\\/www.instagram.com\\\/fghsaude\\\/\"]},{\"@type\":\"Person\",\"@id\":\"https:\\\/\\\/fghsaude.org.br\\\/home\\\/#\\\/schema\\\/person\\\/575b203cbe04278988ea9d801e5033ae\",\"name\":\"Isis lima\",\"image\":{\"@type\":\"ImageObject\",\"inLanguage\":\"pt-BR\",\"@id\":\"https:\\\/\\\/secure.gravatar.com\\\/avatar\\\/4a4fb55f22627276365ebebfaf550f7681c43c32e0bcedab87bdeb6a0dfceaad?s=96&d=mm&r=g\",\"url\":\"https:\\\/\\\/secure.gravatar.com\\\/avatar\\\/4a4fb55f22627276365ebebfaf550f7681c43c32e0bcedab87bdeb6a0dfceaad?s=96&d=mm&r=g\",\"contentUrl\":\"https:\\\/\\\/secure.gravatar.com\\\/avatar\\\/4a4fb55f22627276365ebebfaf550f7681c43c32e0bcedab87bdeb6a0dfceaad?s=96&d=mm&r=g\",\"caption\":\"Isis lima\"},\"url\":\"https:\\\/\\\/fghsaude.org.br\\\/home\\\/author\\\/isis-lima\\\/\"}]}<\/script>\n<!-- \/ Yoast SEO plugin. -->","yoast_head_json":{"title":"\u00d3culos de realidade virtual viram recurso terap\u00eautico em pacientes internados no HECPI - FGH \/ Funda&ccedil;&atilde;o Gest&atilde;o Hospitalar Martiniano Fernandes","robots":{"index":"index","follow":"follow","max-snippet":"max-snippet:-1","max-image-preview":"max-image-preview:large","max-video-preview":"max-video-preview:-1"},"canonical":"https:\/\/fghsaude.org.br\/home\/oculos-de-realidade-virtual-viram-recurso-terapeutico-em-pacientes-internados-no-hecpi\/","og_locale":"pt_BR","og_type":"article","og_title":"\u00d3culos de realidade virtual viram recurso terap\u00eautico em pacientes internados no HECPI - FGH \/ Funda&ccedil;&atilde;o Gest&atilde;o Hospitalar Martiniano Fernandes","og_description":"O sistema \u00e9 usado para estimular aspectos sensoriais, motores e cognitivos das pessoas internadas","og_url":"https:\/\/fghsaude.org.br\/home\/oculos-de-realidade-virtual-viram-recurso-terapeutico-em-pacientes-internados-no-hecpi\/","og_site_name":"FGH \/ Funda&ccedil;&atilde;o Gest&atilde;o Hospitalar Martiniano Fernandes","article_published_time":"2022-12-29T11:04:09+00:00","article_modified_time":"2022-12-29T11:04:13+00:00","author":"Isis lima","twitter_card":"summary_large_image","twitter_misc":{"Escrito por":"Isis lima","Est. tempo de leitura":"3 minutos"},"schema":{"@context":"https:\/\/schema.org","@graph":[{"@type":"Article","@id":"https:\/\/fghsaude.org.br\/home\/oculos-de-realidade-virtual-viram-recurso-terapeutico-em-pacientes-internados-no-hecpi\/#article","isPartOf":{"@id":"https:\/\/fghsaude.org.br\/home\/oculos-de-realidade-virtual-viram-recurso-terapeutico-em-pacientes-internados-no-hecpi\/"},"author":{"name":"Isis lima","@id":"https:\/\/fghsaude.org.br\/home\/#\/schema\/person\/575b203cbe04278988ea9d801e5033ae"},"headline":"\u00d3culos de realidade virtual viram recurso terap\u00eautico em pacientes internados no HECPI","datePublished":"2022-12-29T11:04:09+00:00","dateModified":"2022-12-29T11:04:13+00:00","mainEntityOfPage":{"@id":"https:\/\/fghsaude.org.br\/home\/oculos-de-realidade-virtual-viram-recurso-terapeutico-em-pacientes-internados-no-hecpi\/"},"wordCount":490,"commentCount":0,"publisher":{"@id":"https:\/\/fghsaude.org.br\/home\/#organization"},"articleSection":["Not\u00edcias"],"inLanguage":"pt-BR","potentialAction":[{"@type":"CommentAction","name":"Comment","target":["https:\/\/fghsaude.org.br\/home\/oculos-de-realidade-virtual-viram-recurso-terapeutico-em-pacientes-internados-no-hecpi\/#respond"]}]},{"@type":"WebPage","@id":"https:\/\/fghsaude.org.br\/home\/oculos-de-realidade-virtual-viram-recurso-terapeutico-em-pacientes-internados-no-hecpi\/","url":"https:\/\/fghsaude.org.br\/home\/oculos-de-realidade-virtual-viram-recurso-terapeutico-em-pacientes-internados-no-hecpi\/","name":"\u00d3culos de realidade virtual viram recurso terap\u00eautico em pacientes internados no HECPI - FGH \/ Funda&ccedil;&atilde;o Gest&atilde;o Hospitalar Martiniano Fernandes","isPartOf":{"@id":"https:\/\/fghsaude.org.br\/home\/#website"},"datePublished":"2022-12-29T11:04:09+00:00","dateModified":"2022-12-29T11:04:13+00:00","breadcrumb":{"@id":"https:\/\/fghsaude.org.br\/home\/oculos-de-realidade-virtual-viram-recurso-terapeutico-em-pacientes-internados-no-hecpi\/#breadcrumb"},"inLanguage":"pt-BR","potentialAction":[{"@type":"ReadAction","target":["https:\/\/fghsaude.org.br\/home\/oculos-de-realidade-virtual-viram-recurso-terapeutico-em-pacientes-internados-no-hecpi\/"]}]},{"@type":"BreadcrumbList","@id":"https:\/\/fghsaude.org.br\/home\/oculos-de-realidade-virtual-viram-recurso-terapeutico-em-pacientes-internados-no-hecpi\/#breadcrumb","itemListElement":[{"@type":"ListItem","position":1,"name":"In\u00edcio","item":"https:\/\/fghsaude.org.br\/home\/"},{"@type":"ListItem","position":2,"name":"\u00d3culos de realidade virtual viram recurso terap\u00eautico em pacientes internados no HECPI"}]},{"@type":"WebSite","@id":"https:\/\/fghsaude.org.br\/home\/#website","url":"https:\/\/fghsaude.org.br\/home\/","name":"FGH \/ Funda&ccedil;&atilde;o Gest&atilde;o Hospitalar Martiniano Fernandes","description":"Site da Funda&ccedil;&atilde;o Gest&atilde;o Hospitalar Martiniano Fernandes","publisher":{"@id":"https:\/\/fghsaude.org.br\/home\/#organization"},"potentialAction":[{"@type":"SearchAction","target":{"@type":"EntryPoint","urlTemplate":"https:\/\/fghsaude.org.br\/home\/?s={search_term_string}"},"query-input":{"@type":"PropertyValueSpecification","valueRequired":true,"valueName":"search_term_string"}}],"inLanguage":"pt-BR"},{"@type":"Organization","@id":"https:\/\/fghsaude.org.br\/home\/#organization","name":"FGH \/ Funda&ccedil;&atilde;o Gest&atilde;o Hospitalar Martiniano Fernandes","url":"https:\/\/fghsaude.org.br\/home\/","logo":{"@type":"ImageObject","inLanguage":"pt-BR","@id":"https:\/\/fghsaude.org.br\/home\/#\/schema\/logo\/image\/","url":"https:\/\/fghsaude.org.br\/home\/wp-content\/uploads\/2022\/11\/logotipo.png","contentUrl":"https:\/\/fghsaude.org.br\/home\/wp-content\/uploads\/2022\/11\/logotipo.png","width":182,"height":47,"caption":"FGH \/ Funda&ccedil;&atilde;o Gest&atilde;o Hospitalar Martiniano Fernandes"},"image":{"@id":"https:\/\/fghsaude.org.br\/home\/#\/schema\/logo\/image\/"},"sameAs":["https:\/\/www.instagram.com\/fghsaude\/"]},{"@type":"Person","@id":"https:\/\/fghsaude.org.br\/home\/#\/schema\/person\/575b203cbe04278988ea9d801e5033ae","name":"Isis lima","image":{"@type":"ImageObject","inLanguage":"pt-BR","@id":"https:\/\/secure.gravatar.com\/avatar\/4a4fb55f22627276365ebebfaf550f7681c43c32e0bcedab87bdeb6a0dfceaad?s=96&d=mm&r=g","url":"https:\/\/secure.gravatar.com\/avatar\/4a4fb55f22627276365ebebfaf550f7681c43c32e0bcedab87bdeb6a0dfceaad?s=96&d=mm&r=g","contentUrl":"https:\/\/secure.gravatar.com\/avatar\/4a4fb55f22627276365ebebfaf550f7681c43c32e0bcedab87bdeb6a0dfceaad?s=96&d=mm&r=g","caption":"Isis lima"},"url":"https:\/\/fghsaude.org.br\/home\/author\/isis-lima\/"}]}},"_links":{"self":[{"href":"https:\/\/fghsaude.org.br\/home\/wp-json\/wp\/v2\/posts\/1524","targetHints":{"allow":["GET"]}}],"collection":[{"href":"https:\/\/fghsaude.org.br\/home\/wp-json\/wp\/v2\/posts"}],"about":[{"href":"https:\/\/fghsaude.org.br\/home\/wp-json\/wp\/v2\/types\/post"}],"author":[{"embeddable":true,"href":"https:\/\/fghsaude.org.br\/home\/wp-json\/wp\/v2\/users\/6"}],"replies":[{"embeddable":true,"href":"https:\/\/fghsaude.org.br\/home\/wp-json\/wp\/v2\/comments?post=1524"}],"version-history":[{"count":2,"href":"https:\/\/fghsaude.org.br\/home\/wp-json\/wp\/v2\/posts\/1524\/revisions"}],"predecessor-version":[{"id":1527,"href":"https:\/\/fghsaude.org.br\/home\/wp-json\/wp\/v2\/posts\/1524\/revisions\/1527"}],"wp:attachment":[{"href":"https:\/\/fghsaude.org.br\/home\/wp-json\/wp\/v2\/media?parent=1524"}],"wp:term":[{"taxonomy":"category","embeddable":true,"href":"https:\/\/fghsaude.org.br\/home\/wp-json\/wp\/v2\/categories?post=1524"},{"taxonomy":"post_tag","embeddable":true,"href":"https:\/\/fghsaude.org.br\/home\/wp-json\/wp\/v2\/tags?post=1524"}],"curies":[{"name":"wp","href":"https:\/\/api.w.org\/{rel}","templated":true}]}}